{"id":11425,"date":"2022-02-04T21:08:18","date_gmt":"2022-02-04T21:08:18","guid":{"rendered":"https:\/\/sochige.cl\/?p=11419"},"modified":"2022-02-04T21:08:18","modified_gmt":"2022-02-04T21:08:18","slug":"policy-briefs-la-falla-san-ramon-y-la-sostenibilidad-del-piedemonte-de-santiago","status":"publish","type":"post","link":"https:\/\/sochige.cl\/en\/2022\/02\/04\/policy-briefs-la-falla-san-ramon-y-la-sostenibilidad-del-piedemonte-de-santiago\/","title":{"rendered":"POLICY BRIEFS: La Falla San Ram\u00f3n y la sostenibilidad del piedemonte de Santiago"},"content":{"rendered":"<p style=\"text-align: justify;\">La Universidad de Chile, a trav\u00e9s de su Vicerrector\u00eda de Investigaci\u00f3n y Desarrollo, liber\u00f3 recientemente el documento: \u201cPOLICY BRIEFS: La Falla San Ram\u00f3n y las sostenibilidad del piedemonte de Santiago: Recomendaciones para la pol\u00edtica p\u00fablica\u201d.<\/p>\n<p style=\"text-align: justify;\">El documento multidisciplinario sugiere un plan de pol\u00edticas p\u00fablicas de 7 puntos, enfocadas a la mitigaci\u00f3n del riesgo asociado a la falla de San Ram\u00f3n. El trabajo es fruto de varios a\u00f1os de investigaci\u00f3n de distintos especialistas sobre esta falla inversa ubicada en el sector oriente de Santiago.<\/p>\n<p style=\"text-align: justify;\">El plan considera la modificaci\u00f3n de las ordenanzas, reglamentos y normas de dise\u00f1o s\u00edsmico para que incorporen la acci\u00f3n de sismos corticales en fallas activas, las cuales no han sido consideradas, principalmente, por sus bajas tasas de recurrencia en relaci\u00f3n a los eventos generados en el contacto de las placas de Nazca y Sudamericana.<\/p>\n<p style=\"text-align: justify;\">Estudios paleosismol\u00f3gicos indican que la falla presenta evidencia de dos eventos estimados en magnitud superior a Mw 7.2, que ocurrieron hace 17.000 y 8.000 a\u00f1os. Estas investigaciones contribuyen a la principal hip\u00f3tesis de este documento: la falla de San Ram\u00f3n se encuentra activa y la comunidad especializada debe proponer lineamientos a las autoridades tomadoras de decisiones para reducir las consecuencias bajo un potencial evento s\u00edsmico.<\/p>\n<p>Revise el documento en: <a href=\"https:\/\/www.uchile.cl\/publicaciones\/183941\/policy-brief-la-falla-san-ramon-y-la-sostenibilidad-del-piedemonte\">https:\/\/www.uchile.cl\/publicaciones\/183941\/policy-brief-la-falla-san-ramon-y-la-sostenibilidad-del-piedemonte<\/a><\/p>\n<p>Imagen: Easton et al., 2014<\/p>\n<p>(<a href=\"https:\/\/www.researchgate.net\/publication\/267269254_Probing_large_intraplate_earthquakes_at_the_west_flank_of_the_Ande\" target=\"_blank\" rel=\"noopener\">https:\/\/www.researchgate.net\/publication\/267269254_Probing_large_intraplate_earthquakes_at_the_west_flank_of_the_Ande<\/a>s)<\/p>","protected":false},"excerpt":{"rendered":"<p>La Universidad de Chile, a trav\u00e9s de su Vicerrector\u00eda de Investigaci\u00f3n y Desarrollo, liber\u00f3 recientemente el documento: \u201cPOLICY BRIEFS: La Falla San Ram\u00f3n y las sostenibilidad del piedemonte de Santiago: [&hellip;]<\/p>","protected":false},"author":1,"featured_media":0,"comment_status":"closed","ping_status":"open","sticky":false,"template":"","format":"standard","meta":{"ngg_post_thumbnail":0,"_links_to":"","_links_to_target":""},"categories":[52,49],"tags":[],"_links":{"self":[{"href":"https:\/\/sochige.cl\/en\/wp-json\/wp\/v2\/posts\/11425"}],"collection":[{"href":"https:\/\/sochige.cl\/en\/wp-json\/wp\/v2\/posts"}],"about":[{"href":"https:\/\/sochige.cl\/en\/wp-json\/wp\/v2\/types\/post"}],"author":[{"embeddable":true,"href":"https:\/\/sochige.cl\/en\/wp-json\/wp\/v2\/users\/1"}],"replies":[{"embeddable":true,"href":"https:\/\/sochige.cl\/en\/wp-json\/wp\/v2\/comments?post=11425"}],"version-history":[{"count":0,"href":"https:\/\/sochige.cl\/en\/wp-json\/wp\/v2\/posts\/11425\/revisions"}],"wp:attachment":[{"href":"https:\/\/sochige.cl\/en\/wp-json\/wp\/v2\/media?parent=11425"}],"wp:term":[{"taxonomy":"category","embeddable":true,"href":"https:\/\/sochige.cl\/en\/wp-json\/wp\/v2\/categories?post=11425"},{"taxonomy":"post_tag","embeddable":true,"href":"https:\/\/sochige.cl\/en\/wp-json\/wp\/v2\/tags?post=11425"}],"curies":[{"name":"wp","href":"https:\/\/api.w.org\/{rel}","templated":true}]}}