{"id":11470,"date":"2022-02-04T21:48:35","date_gmt":"2022-02-04T21:48:35","guid":{"rendered":"https:\/\/sochige.cl\/?p=11470"},"modified":"2022-02-04T21:48:35","modified_gmt":"2022-02-04T21:48:35","slug":"fatal-derrumbe-de-acantilado-en-brasil","status":"publish","type":"post","link":"https:\/\/sochige.cl\/en\/2022\/02\/04\/fatal-derrumbe-de-acantilado-en-brasil\/","title":{"rendered":"Fatal derrumbe de acantilado en Brasil"},"content":{"rendered":"<p>Revuelo mundial causaron las lamentables im\u00e1genes del derrumbe de un gran bloque de roca sobre lanchas tur\u00edsticas, ocurrido el s\u00e1bado 8 de enero en el estado de Minas Gerais en Brasil. La tragedia dej\u00f3 un saldo de al menos 10 v\u00edctimas fatales, y como es habitual en este tipo de desprendimientos, se produjo despu\u00e9s de que se registraron fuertes lluvias en el sector. El d\u00eda anterior a la tragedia, el Instituto Nacional de Meteorolog\u00eda de Brasil emiti\u00f3 alerta rojas para el Minas Gerais y proyect\u00f3 m\u00e1s de 100 mil\u00edmetros de precipitaci\u00f3n diaria durante al menos cuatro d\u00edas.<\/p>\n<p><img loading=\"lazy\" class=\"alignnone  wp-image-11474\" src=\"https:\/\/dev.4id.cl\/sochige\/wp-content\/uploads\/2022\/02\/img-brasil-2.jpg\" alt=\"\" width=\"475\" height=\"427\"><\/p>\n<p>La erosi\u00f3n y el debilitamiento son un fen\u00f3menos normales e inherentes a estas formaciones geol\u00f3gicas, y se deben mayormente a la acci\u00f3n de las aguas lluvias y las variaciones de temperatura, seg\u00fan explica el Jefe de la Divisi\u00f3n de Geolog\u00eda Aplicada del Servicio Geol\u00f3gico Brasile\u00f1o, Tiago Antonelli.<\/p>\n<p>La formaci\u00f3n rocosa presentaba grandes grietas verticales, las cuales son precursoras de una inestabilidad de este tipo. El bloque colapsado fue fotografiado en marzo del 2012 por un Flavio Freitas, un m\u00e9dico y navegante quien poste\u00f3 la imagen en sus redes sociales:<\/p>\n<p><img loading=\"lazy\" class=\"alignnone  wp-image-11475\" src=\"https:\/\/dev.4id.cl\/sochige\/wp-content\/uploads\/2022\/02\/img-brasil-3.jpg\" alt=\"\" width=\"463\" height=\"354\"><\/p>\n<p>La recomendaci\u00f3n de los expertos es que las autoridades deben controlar y limitar la distancia a los acantilados con altos niveles de meteorizaci\u00f3n, especialmente en temporadas de lluvias.<\/p>\n<p><u>Fuentes:<\/u><\/p>\n<p><a href=\"https:\/\/www.dailymail.co.uk\/news\/article-10384565\/Pictures-Brazil-cliff-verge-collapse-DECADE.html\">https:\/\/www.dailymail.co.uk\/news\/article-10384565\/Pictures-Brazil-cliff-verge-collapse-DECADE.html<\/a><\/p>\n<p><a href=\"https:\/\/www.cbsnews.com\/news\/brazil-cliff-collapse-deaths-more-disasters-possible-weather-expert\/\">https:\/\/www.cbsnews.com\/news\/brazil-cliff-collapse-deaths-more-disasters-possible-weather-expert\/<\/a><\/p>\n<p><a href=\"https:\/\/www.cbc.ca\/news\/world\/brazil-cliff-waterfall-collapse-tourists-1.6309091\">https:\/\/www.cbc.ca\/news\/world\/brazil-cliff-waterfall-collapse-tourists-1.6309091<\/a><\/p>","protected":false},"excerpt":{"rendered":"<p>Revuelo mundial causaron las lamentables im\u00e1genes del derrumbe de un gran bloque de roca sobre lanchas tur\u00edsticas, ocurrido el s\u00e1bado 8 de enero en el estado de Minas Gerais en [&hellip;]<\/p>","protected":false},"author":1,"featured_media":0,"comment_status":"closed","ping_status":"open","sticky":false,"template":"","format":"standard","meta":{"ngg_post_thumbnail":0,"_links_to":"","_links_to_target":""},"categories":[50],"tags":[],"_links":{"self":[{"href":"https:\/\/sochige.cl\/en\/wp-json\/wp\/v2\/posts\/11470"}],"collection":[{"href":"https:\/\/sochige.cl\/en\/wp-json\/wp\/v2\/posts"}],"about":[{"href":"https:\/\/sochige.cl\/en\/wp-json\/wp\/v2\/types\/post"}],"author":[{"embeddable":true,"href":"https:\/\/sochige.cl\/en\/wp-json\/wp\/v2\/users\/1"}],"replies":[{"embeddable":true,"href":"https:\/\/sochige.cl\/en\/wp-json\/wp\/v2\/comments?post=11470"}],"version-history":[{"count":0,"href":"https:\/\/sochige.cl\/en\/wp-json\/wp\/v2\/posts\/11470\/revisions"}],"wp:attachment":[{"href":"https:\/\/sochige.cl\/en\/wp-json\/wp\/v2\/media?parent=11470"}],"wp:term":[{"taxonomy":"category","embeddable":true,"href":"https:\/\/sochige.cl\/en\/wp-json\/wp\/v2\/categories?post=11470"},{"taxonomy":"post_tag","embeddable":true,"href":"https:\/\/sochige.cl\/en\/wp-json\/wp\/v2\/tags?post=11470"}],"curies":[{"name":"wp","href":"https:\/\/api.w.org\/{rel}","templated":true}]}}