{"id":11484,"date":"2022-02-09T21:39:42","date_gmt":"2022-02-09T21:39:42","guid":{"rendered":"https:\/\/sochige.cl\/?p=11484"},"modified":"2022-06-03T18:38:04","modified_gmt":"2022-06-03T18:38:04","slug":"entrevista-del-mes-daniela-pollak-ingeniera-civil-y-ex-presidenta-sochige-2018-2019","status":"publish","type":"post","link":"https:\/\/sochige.cl\/en\/2022\/02\/09\/entrevista-del-mes-daniela-pollak-ingeniera-civil-y-ex-presidenta-sochige-2018-2019\/","title":{"rendered":"Entrevista a Daniela Pollak"},"content":{"rendered":"<p style=\"text-align: justify;\">Nos complace presentarles la entrevista del mes de febrero, en la que tenemos a la destacada ingeniera geot\u00e9cnica, y nuestra expresidenta, Daniela Pollak. En una interesante conversaci\u00f3n, Daniela nos cuenta su experiencia en grandes proyectos, su visi\u00f3n sobre el presente y futuro de la geot\u00e9cnica chilena, sus impresiones sobre el creciente rol de la mujer en la ingenier\u00eda, y mucho m\u00e1s.<\/p>\n<ol style=\"text-align: justify;\">\n<li><strong>\u00bfCu\u00e1ndo decidiste dedicarte a la geotecnia? \u00bfQu\u00e9 temas y\/o personas te motivaron a desarrollarte profesionalmente en esta \u00e1rea?<\/strong><\/li>\n<\/ol>\n<p style=\"text-align: justify;\">Cuando estaba en el colegio quer\u00eda estudiar Biolog\u00eda Marina, en mi entorno muchos de mis amigos quer\u00edan estudiar Ingenier\u00eda. \u00a1Que poco originales, todos quieren estudiar lo mismo! No ten\u00eda idea de las distintas especialidades que exist\u00edan. Despu\u00e9s en cuarto medio, qued\u00e9 embarazada y al tener a mi hijo, era complejo irme con \u00e9l a estudiar fuera de Santiago (en ese tiempo Biolog\u00eda Marina lo daban en Concepci\u00f3n y La Serena). No sab\u00eda que estudiar y un d\u00eda el padrino de mi hijo me coment\u00f3 sobre Geolog\u00eda, y me encant\u00f3. Me prepar\u00e9 durante un a\u00f1o entonces para entrar a Ingenier\u00eda, di la prueba y el puntaje me daba para entrar a la Pontificia Universidad Cat\u00f3lica (PUC), que, si bien no ten\u00eda Geolog\u00eda, ten\u00eda Ingenier\u00eda en Medio Ambiente que tambi\u00e9n era un tema que interesaba. Opt\u00e9 finalmente en irme a la PUC, principalmente porque los horarios de clases y pruebas eran m\u00e1s compatibles con la maternidad.<\/p>\n<p style=\"text-align: justify;\">Un d\u00eda, iba pasando por afuera del departamento de \u201cEstructura y Geotecnia\u201d y decid\u00ed entrar a preguntar de qu\u00e9 se trataba la especialidad. Ah\u00ed me recibi\u00f3 Jorge Troncoso, quien, dentro de los cursos que dictaba estaba Geotecnia Ambiental. Y bueno me pareci\u00f3 un muy interesante complemento de dos \u00e1mbitos que me llamaban mucho la atenci\u00f3n.<\/p>\n<p style=\"text-align: justify;\">Despu\u00e9s, cuando entr\u00e9 a trabajar, me di cuenta con m\u00e1s conocimiento de causa lo que implicaba la especialidad. Entre los primeros proyectos en que trabaj\u00e9, fue en el dise\u00f1o de dep\u00f3sitos de lastre y de relave que se emplazaban\/r\u00edan en valles de la cordillera. Reconozco que debo haber pasado un par de meses en que me iba llorando al trabajo pensando en el impacto al medio ambiente de los dep\u00f3sitos que estaba dise\u00f1ando. Finalmente opt\u00e9 por dar vuelta la mirada y considerar que estas obras igual se iban a dise\u00f1ar\/construir, por lo que me pareci\u00f3 que pod\u00eda encausar mi carrera aportando con una visi\u00f3n m\u00e1s sustentable.<\/p>\n<ol style=\"text-align: justify;\" start=\"2\">\n<li><strong>\u00bfCu\u00e1l es el proyecto geot\u00e9cnico m\u00e1s recordado y\/o desafiante en el que hayas participado? \u00bfCu\u00e1les eran los aspectos que lo hicieron especial?<\/strong><\/li>\n<\/ol>\n<p style=\"text-align: justify;\">Si bien la mayor\u00eda de mi experiencia ha sido en proyectos mineros, mi proyecto regal\u00f3n fue la campa\u00f1a geot\u00e9cnica para la fundaci\u00f3n del European Extremely Large Telescope (E-ELT) de la European South Observatory (ESO). Cuando estaba en Arcadis, trabaj\u00e9 en este proyecto desde sus inicios, revisando las bases de licitaci\u00f3n y preparando la propuesta, proceso que fue lento dado que la ESO ten\u00eda exigencias europeas que en algunos casos no aplicaban a la realidad chilena, por lo que realizaron varios ajustes durante la licitaci\u00f3n en t\u00e9rminos de alcances. Recuerdo que cuando nos lo adjudicaron, estaba con una carga laboral alt\u00edsima, pero el proyecto era tan interesante y entretenido que no sab\u00eda si ponerme a re\u00edr o llorar. Una vez adjudicado, me asignaron el rol de Jefe de Proyecto (creo que fue de los primeros proyectos que tuve ese rol), por lo que implic\u00f3 ver transversalmente tanto la parte t\u00e9cnica como administrativa, gesti\u00f3n de subcontratos, campa\u00f1a de terreno, programaci\u00f3n y otros y en que trabaj\u00e9 con un excelente equipo de geot\u00e9cnicos, geomec\u00e1nicos y ge\u00f3logos, por lo que la parte t\u00e9cnica fue de mucho aprendizaje. Por otro lado, tener como contraparte a la ESO tambi\u00e9n era un desaf\u00edo, ya que ellos no contaban con mucha experiencia en geotecnia (por la naturaleza de su rubro claramente ellos est\u00e1n dedicados a ver m\u00e1s el cielo que el suelo), por lo que se requer\u00eda ir ense\u00f1\u00e1ndoles de la especialidad para poder ir modificando por ejemplo plan de prospecciones y ensayos. El proyecto adem\u00e1s lo cerramos presentando dos papers en conjunto (Arcadis\/ESO). \u00bfOrgullosa? Si por supuesto, tremendamente orgullosa y m\u00e1s a\u00fan honrada de haber tenido esta posibilidad.<\/p>\n<ol style=\"text-align: justify;\" start=\"3\">\n<li><strong>Actualmente, \u00bfqu\u00e9 proyectos te encuentras desarrollando, en tu labor como Jefa de Proyectos en IDIEM?<\/strong><\/li>\n<\/ol>\n<p style=\"text-align: justify;\">Estoy con un proyecto para Antucoya, que consiste en la ejecuci\u00f3n de una campa\u00f1a geot\u00e9cnica para caracterizar ripios lixiviados mezclados con diferentes contenidos de est\u00e9ril, para lo cual, hemos realizado ensayos de placa de carga en terreno y toma de muestras para ensayos triaxiales y oed\u00f3metros de gran tama\u00f1o.<\/p>\n<p style=\"text-align: justify;\">Otro proyecto que llevo es la campa\u00f1a geot\u00e9cnica en terreno (sondajes, calicatas, geof\u00edsica) y ensayos de laboratorio para caracterizar el terreno de fundaci\u00f3n, cubeta y muros del tranque Talabre de Codelco, en Calama.<\/p>\n<ol style=\"text-align: justify;\" start=\"4\">\n<li><strong>Has sido una persona muy activa en SOCHIGE, siendo presidenta en un per\u00edodo y vicepresidenta en el saliente directorio. \u00bfCu\u00e1les son tus motivaciones personales para participar activamente en la Sociedad?<\/strong><\/li>\n<\/ol>\n<p style=\"text-align: justify;\">Cuando supe de SOCHIGE me pareci\u00f3 que era un espacio tremendamente necesario para el encuentro, para facilitar el di\u00e1logo, abrir el abanico de conocimiento y conectar a las generaciones de m\u00e1s experiencia con las que est\u00e1n en sus inicios de formaci\u00f3n. La geotecnia como cualquier especialidad tiene muchas subespecialidades, que adem\u00e1s se conectan con tantas otras \u00e1reas que salen tanto de \u00e9sta como incluso de la ingenier\u00eda.<\/p>\n<p style=\"text-align: justify;\">Participar en la sociedad y haber sido parte del directorio ha sido tremendamente enriquecedor, me ha permitido conocer muchos espacios, investigaciones, instituciones, y personas, oportunidades que cuando uno est\u00e1 solo inmerso en el trabajo no logra ampliar, adem\u00e1s de poder desarrollar proyectos en paralelo para apuntar a expandir el conocimiento y vincularnos. Un ejemplo de ello es el proyecto de Suelos Chilenos, liderado por Carolina Jadue junto con Ana Donoso, en el cual, adem\u00e1s del aporte desde lo t\u00e9cnico, se ha generado un espacio de interacci\u00f3n y conocimiento de profesionales.<\/p>\n<p style=\"text-align: justify;\">Por otra parte, la organizaci\u00f3n de los congresos nacionales, as\u00ed como fomentar la participaci\u00f3n en panamericanos, congresos internacionales es un gran desaf\u00edo tambi\u00e9n, presentar los temas que son punta de flecha, que se est\u00e1 investigando, \u00bfcu\u00e1les son los temas clave a discutir y poner sobre la mesa, que pasa con nuestras normativas? \u00bfComo las estamos enfrentando como pa\u00eds? Este es el espacio donde podemos transversalmente trabajar independiente de a qu\u00e9 empresa, universidad, entidad p\u00fablica o privada en la cual nos estemos desarrollando profesionalmente.<\/p>\n<p><a href=\"https:\/\/dev.4id.cl\/sochige\/wp-content\/uploads\/2022\/02\/img-1-entrevista-d-pollak.jpg\" target=\"_blank\" rel=\"noopener\"><img loading=\"lazy\" class=\"alignnone size-full wp-image-11488\" src=\"https:\/\/dev.4id.cl\/sochige\/wp-content\/uploads\/2022\/02\/img-1-entrevista-d-pollak.jpg\" alt=\"\" width=\"100%\" height=\"100\" srcset=\"https:\/\/sochige.cl\/wp-content\/uploads\/2022\/02\/img-1-entrevista-d-pollak.jpg 786w, https:\/\/sochige.cl\/wp-content\/uploads\/2022\/02\/img-1-entrevista-d-pollak-300x200.jpg 300w, https:\/\/sochige.cl\/wp-content\/uploads\/2022\/02\/img-1-entrevista-d-pollak-768x513.jpg 768w, https:\/\/sochige.cl\/wp-content\/uploads\/2022\/02\/img-1-entrevista-d-pollak-390x260.jpg 390w, https:\/\/sochige.cl\/wp-content\/uploads\/2022\/02\/img-1-entrevista-d-pollak-285x190.jpg 285w\" sizes=\"(max-width: 786px) 100vw, 786px\" \/><\/a><\/p>\n<p style=\"text-align: justify;\"><em>X Congreso Nacional de Geotecnia, Valpara\u00edso 2018 \u2013 50 a\u00f1os de SOCHIGE \u2013 De izq. a der. Pedro Ortigosa de Pablo, Luis Valenzuela Palomo, Daniela Pollak Aguil\u00f3, Claudio Foncea Navarro, Michel Van Sint Jan Fabry, Ram\u00f3n Verdugo Alvarado<\/em><\/p>\n<ol style=\"text-align: justify;\" start=\"5\">\n<li><strong>\u00bfC\u00f3mo has visto el desarrollo de la geotecnia chilena durante tus a\u00f1os en el Directorio? \u00bfCu\u00e1les son los temas que has visto potenciarse en los \u00faltimos a\u00f1os y cuales piensas que ser\u00e1n importantes en el mediano\/largo plazo?<\/strong><\/li>\n<\/ol>\n<p style=\"text-align: justify;\">Chile es muy potente en desaf\u00edos geot\u00e9cnicos dado que es un pa\u00eds s\u00edsmico, con alto desarrollo de miner\u00eda, energ\u00eda, infraestructura a lo que se le suma sin lugar a dudas la sustentabilidad.<\/p>\n<p style=\"text-align: justify;\">Cuando comenc\u00e9 a trabajar, una de las cosas que vi en la geotecnia nacional fue la diferencia generacional. En esos tiempos los geot\u00e9cnicos de gran experiencia eran contados y las nuevas generaciones ya se estaban desarrollando desde una subespecializaci\u00f3n en que se va hilando m\u00e1s fino, se va complejizando, lo cual es excelente en t\u00e9rminos de avances sin embargo hace falta tambi\u00e9n una mirada m\u00e1s macro y transversal.<\/p>\n<p style=\"text-align: justify;\">He podido ver c\u00f3mo nos miran desde afuera, como nos validan y nos consultan, Chile es reconocido en el exterior por una gran capacidad y experiencia t\u00e9cnica, creo que es un gran desaf\u00edo lograr alinearnos para posicionar nuestro conocimiento m\u00e1s all\u00e1 de las personas, sino como pa\u00eds.<\/p>\n<p style=\"text-align: justify;\">Tambi\u00e9n es claro c\u00f3mo se ha dado un crecimiento explosivo en la miner\u00eda, principalmente por los desechos mineros, teniendo a la vista que se trata de materiales y disposici\u00f3n de \u00e9stos generados por el hombre (dep\u00f3sitos de lastre, relaves, ripios lixiviados, entre otros) y su impacto social y ambiental, lo cual nos exige mayor investigaci\u00f3n para dise\u00f1os orientados tanto para el corto como el largo plazo, para lo cual es imprescindible el trabajo multidisciplinario as\u00ed como el trabajo conjunto entre empresas\/consultor\u00eda\/autoridad\/universidades de manera de orientar a contar con herramientas para asegurar estabilidad, realizar mitigaciones, monitoreos permanentes,&nbsp; an\u00e1lisis peri\u00f3dicos e innovaci\u00f3n que permitan actualizar ya sea condiciones actuales como de futuros proyectos.<\/p>\n<p style=\"text-align: justify;\">Respecto a este tema, comentar que el a\u00f1o 2020 en el marco de la Sociedad Internacional de Mec\u00e1nica de Suelos y Geotecnia (ISSMGE), fue creado el comit\u00e9 t\u00e9cnico de Tailings and Mine Waste, el cual es presidido por Ram\u00f3n Verdugo y en el cual participan adem\u00e1s muchos profesionales chilenos. (<a href=\"https:\/\/www.issmge.org\/committees\/technical-committees\/applications\/tailing-and-mine-wastes\">https:\/\/www.issmge.org\/committees\/technical-committees\/applications\/tailing-and-mine-wastes<\/a>)<\/p>\n<p style=\"text-align: justify;\">Por otra parte, al trabajar en IDIEM he sido testigo de la alta demanda de ensayos geot\u00e9cnicos y como, debido a la naturaleza de los suelos, se han generado solicitudes especiales ya sea de modificaciones a los ensayos respecto a las normas, procedimientos o de informaci\u00f3n y\/o mediciones adicionales. Esto es parte de los desaf\u00edos que se han enfrentado y que se deben seguir desarrollando con m\u00e1s fuerza en el pa\u00eds, tanto generar modificaciones a los ensayos existentes como proponer a la industria nuevos ensayos, teniendo a la vista la variabilidad de comportamiento por ejemplo en los materiales generados por la miner\u00eda, as\u00ed como generar m\u00e1s especializaci\u00f3n y educaci\u00f3n en torno a los ensayos.<\/p>\n<ol style=\"text-align: justify;\" start=\"6\">\n<li><strong>\u00bfCu\u00e1l es tu visi\u00f3n sobre c\u00f3mo se est\u00e1n formando los profesionales geot\u00e9cnicos en Chile? \u00bfCrees que hacen falta m\u00e1s programas con enfoques \u201cpr\u00e1cticos\u201d estilo M.Eng? \u00bfCu\u00e1les crees que son los desaf\u00edos en este aspecto?<\/strong><\/li>\n<\/ol>\n<p style=\"text-align: justify;\">En Chile se ha visto un importante crecimiento de la formaci\u00f3n de profesionales tanto en pregrado como para la especializaci\u00f3n ya sea mediante diplomados, magister y doctorado, la cual hist\u00f3ricamente estaba m\u00e1s bien centrada en solo dos universidades en Santiago y hoy en d\u00eda vemos como se ha expandido por ejemplo a Valpara\u00edso y Concepci\u00f3n, lo cual a su vez es un gran avance en la descentralizaci\u00f3n.<\/p>\n<p style=\"text-align: justify;\">Respecto a la formaci\u00f3n propiamente tal, la ingenier\u00eda de por si considero requiere una componente base asociada a la teor\u00eda y rigurosidad para dar sustento a los c\u00e1lculos y estimaciones que se realizan, sin embargo, la parte pr\u00e1ctica en esta especialidad cobra un alto valor dada tanto por la componente observacional como de la aplicaci\u00f3n de la teor\u00eda y sus potenciales efectos. As\u00ed como en la geolog\u00eda, el geot\u00e9cnico debe tener una importante formaci\u00f3n en terreno y en la ingenier\u00eda pr\u00e1ctica. Ejemplo de ello es el muchas veces discutido problema de que el dise\u00f1ador ejecute un proyecto que no se puede construir. Para que eso no suceda se debe tener una base de humildad en el conocimiento, de escucha, de empat\u00eda, de preguntar y preguntarse, de cuestionar desde distintas aristas. La geotecnia no se limita a caracterizar el tipo de suelo en que vas a fundar, rellenar o cortar, debe tener una mirada abierta a todas las condiciones externas, debe ser multidisciplinaria, y en eso no cerrarse solo a temas geot\u00e9cnicos, sino incluir la constructibilidad, los costos, la tecnolog\u00eda, la formaci\u00f3n y trabajo en equipo, el liderazgo entre otros.<\/p>\n<p style=\"text-align: justify;\">Considero adem\u00e1s que las empresas deben incorporar componentes de aprendizaje, por ejemplo, de mentor\u00eda para que quienes tienen m\u00e1s experiencia traspasen a las nuevas generaciones y viceversa. Debe haber un involucramiento de las partes, sentido de pertenencia. Esto lo digo con conocimiento de causa y agradecida de los consultores y equipo con los que tuve el honor de trabajar en Arcadis. Tambi\u00e9n se debe tener en cuenta que hoy en d\u00eda la rotaci\u00f3n de profesionales es recurrente y ello es una muy buena herramienta de transmisi\u00f3n de conocimiento, as\u00ed como la diversificaci\u00f3n de experiencias.<\/p>\n<p style=\"text-align: justify;\">Por otra parte, considero altamente preocupante la falta de disponibilidad de acad\u00e9micos y profesores a nivel nacional que viene dada en parte por la alta oferta laboral en la ingenier\u00eda pr\u00e1ctica como por la falta de facilidades e incentivos para el desarrollo no solo de la innovaci\u00f3n e investigaci\u00f3n, sino de la educaci\u00f3n en s\u00ed.<\/p>\n<p style=\"text-align: justify;\">Estamos en deuda de espacios para discutir respecto a la educaci\u00f3n en geotecnia. Pongo como ejemplo a la Sociedad Mexicana de Ingenier\u00eda Geot\u00e9cnica (www.smig.org.mx) que el a\u00f1o 2022 celebr\u00f3 su XXII reuni\u00f3n nacional de profesores de ingenier\u00eda geot\u00e9cnica. El a\u00f1o 2019 me invitaron a participar en un panel del XVI Congreso Panamericano de Mec\u00e1nica de Suelos y Geotecnia en el marco de una serie de plenarias organizadas por la Sociedad Internacional, en que justamente el objetivo era plantear las habilidades requeridas para la profesi\u00f3n en las siguientes 2 a 3 d\u00e9cadas desde los puntos de vista de la academia, la investigaci\u00f3n, la industria, la consultor\u00eda, asesor\u00eda, etc, en que se evidenci\u00f3 la variabilidad de necesidades por regi\u00f3n y pa\u00edses, se discuti\u00f3 respecto a lo b\u00e1sico que debiese ser impartido por las universidades y tambi\u00e9n en la necesidad de una combinaci\u00f3n entre habilidades blandas y la ingenier\u00eda pr\u00e1ctica. Espacios como estos me parecen tremendamente necesario para conocer las experiencias, construir en conjunto con miras a los requerimientos a nivel nacional e internacional en el mediano y largo plazo.<\/p>\n<p><a href=\"https:\/\/dev.4id.cl\/sochige\/wp-content\/uploads\/2022\/02\/img-2-entrevista-d-pollak.jpg\" target=\"_blank\" rel=\"noopener\"><img loading=\"lazy\" class=\"alignnone size-full wp-image-11489\" src=\"https:\/\/dev.4id.cl\/sochige\/wp-content\/uploads\/2022\/02\/img-2-entrevista-d-pollak.jpg\" alt=\"\" width=\"100%\" height=\"100%\" srcset=\"https:\/\/sochige.cl\/wp-content\/uploads\/2022\/02\/img-2-entrevista-d-pollak.jpg 882w, https:\/\/sochige.cl\/wp-content\/uploads\/2022\/02\/img-2-entrevista-d-pollak-300x175.jpg 300w, https:\/\/sochige.cl\/wp-content\/uploads\/2022\/02\/img-2-entrevista-d-pollak-768x448.jpg 768w\" sizes=\"(max-width: 882px) 100vw, 882px\" \/><\/a><\/p>\n<p style=\"text-align: justify;\"><em>XVI Congreso Panamericano de Mec\u00e1nica de Suelos y Geotecnia, Canc\u00fan 2019 \u2013 CAPG: Geoeducation for the future.<\/em><\/p>\n<ol style=\"text-align: justify;\" start=\"7\">\n<li><strong>Aproximadamente, \u00bfcu\u00e1l es el porcentaje de ingenieras en tu trabajo? \u00bfTienes la impresi\u00f3n de que hoy hay m\u00e1s mujeres en ingenier\u00eda que en tu \u00e9poca universitaria? Si es as\u00ed, \u00bfCu\u00e1les crees son los fen\u00f3menos que han contribuido en este aumento?<\/strong><\/li>\n<\/ol>\n<p style=\"text-align: justify;\">En Idiem el grupo de ingenier\u00eda de la divisi\u00f3n de geotecnia el porcentaje de mujeres es del orden de 45% y las contrataciones son independientes del g\u00e9nero. Por otra parte, este porcentaje disminuye en el \u00e1rea de operaciones en terreno que, dado que se trata de trabajos m\u00e1s pesados y que requieren m\u00e1s fuerza f\u00edsica, es principalmente de hombres. Sin embargo, se han ido incorporando cargos administrativos y de jefatura en terreno (prevencionistas, jefe de terreno, supervisi\u00f3n, ingeniero QA\/QC, entre otros) ocupados por mujeres y que por supuesto traen como consecuencia requerimientos espec\u00edficos (por ejemplo, incluir ba\u00f1os y alojamiento por separado, entre otros). Romper esa inercia, de los costos asociados, al menos en Idiem no ha sido tema y, por el contrario, se reconoce y es reconocido por el propio equipo de terreno c\u00f3mo la componente femenina aporta m\u00e1s all\u00e1 de la experiencia t\u00e9cnica, en las relaciones y gesti\u00f3n del equipo.<\/p>\n<p style=\"text-align: justify;\">Puedo mencionar como ejemplo el proyecto en Antucoya que comentaba anteriormente, en que tanto por Idiem como por el mandante contaba con un alto porcentaje de los roles de jefaturas liderados por mujeres. Es m\u00e1s, debo decir que en terreno me llam\u00f3 la atenci\u00f3n positivamente ver una gran cantidad de mujeres en campamento y en el casino.<\/p>\n<p style=\"text-align: justify;\">Sin duda ha habido un aumento en la cantidad de mujeres que estudian ingenier\u00eda, como ejemplo cuando me gradu\u00e9 (2005) fui la \u00fanica egresada de la especialidad de geotecnia, hoy en d\u00eda eso ha cambiado.<\/p>\n<p style=\"text-align: justify;\">Creo que el aumento ha sido dado tanto por las herramientas de admisi\u00f3n que se han aplicado en algunas facultades (aplicaci\u00f3n de cuotas para la paridad de g\u00e9nero), como por el empoderamiento en los \u00faltimos a\u00f1os a nivel nacional. Aun as\u00ed, considero que estamos en un proceso, y recalco proceso, porque somos testigos de c\u00f3mo se ha tenido que obligar al sistema con estas f\u00f3rmulas de cuotas, independiente de las capacidades. Espero que esto pronto deje de requerir ser una imposici\u00f3n, sino que fluya naturalmente.<\/p>\n<p><a href=\"https:\/\/dev.4id.cl\/sochige\/wp-content\/uploads\/2022\/02\/img-3-entrevista-d-pollak.jpg\" target=\"_blank\" rel=\"noopener\"><img loading=\"lazy\" class=\"alignnone size-full wp-image-11490\" src=\"https:\/\/dev.4id.cl\/sochige\/wp-content\/uploads\/2022\/02\/img-3-entrevista-d-pollak.jpg\" alt=\"\" width=\"100%\" height=\"100%\" srcset=\"https:\/\/sochige.cl\/wp-content\/uploads\/2022\/02\/img-3-entrevista-d-pollak.jpg 824w, https:\/\/sochige.cl\/wp-content\/uploads\/2022\/02\/img-3-entrevista-d-pollak-300x161.jpg 300w, https:\/\/sochige.cl\/wp-content\/uploads\/2022\/02\/img-3-entrevista-d-pollak-768x411.jpg 768w\" sizes=\"(max-width: 824px) 100vw, 824px\" \/><\/a><\/p>\n<p style=\"text-align: justify;\"><em>Parte del equipo de mujeres en la Divisi\u00f3n Geotecnia Ingenier\u00eda (DGI) \u2013 Idiem<\/em><\/p>\n<ol style=\"text-align: justify;\" start=\"8\">\n<li><strong>En geotecnia, al igual que muchas \u00e1reas de la Ingenier\u00eda Civil, hist\u00f3ricamente se ha tenido mayor presencia masculina. \u00bfCu\u00e1les crees que son los principales desaf\u00edos a los que se enfrenta la mujer en Ingenier\u00eda?<\/strong><\/li>\n<\/ol>\n<p style=\"text-align: justify;\">Creo que estamos frente a la intersecci\u00f3n de dos grandes hitos que est\u00e1n ocurriendo: el primero, relacionado con la fuerza del feminismo y como en muy pocos a\u00f1os ha pasado a ser un tema de conversaci\u00f3n usual a nivel nacional y mundial. El segundo; el cambio generacional, en que las prioridades y definiciones respecto a la calidad de vida, diferentes conceptos de familia y la conexi\u00f3n con el medio ambiente est\u00e1n rompiendo muchos paradigmas. Al converger ambos hitos, me parece que el desaf\u00edo m\u00e1s bien es para todos nosotros como sociedad y no para las mujeres en particular.<\/p>\n<p style=\"text-align: justify;\">No es menor el tema, personalmente puedo decir que, siendo una mujer que me considero bastante empoderada, he estado en situaciones en que me he sentido intimidada o con sensaci\u00f3n de vulnerabilidad ya sea f\u00edsica (por ejemplo, en campamentos mineros) o psicol\u00f3gica (por agresiones del entorno laboral), sin embargo, estos no solo est\u00e1n asociados al ser mujer.<\/p>\n<p style=\"text-align: justify;\">Si volvemos a la pregunta de desaf\u00edos, insisto en que no necesariamente son solo acotados a las mujeres y tampoco a la ingenier\u00eda, algunos que podr\u00eda mencionar son:<\/p>\n<ul style=\"text-align: justify;\">\n<li>Atreverse a sacar la voz, a sacarse el prejuicio del que dir\u00e1n, la carga de que si me equivoco va a ser m\u00e1s tildado de que si otro\/a se equivoca.<\/li>\n<li>Aprender a poner l\u00edmites, plantearlos claramente y que \u00e9stos sean respetados y no ninguneados.<\/li>\n<li>Repartir la carga de \u201ccuidador\u201d. Hist\u00f3ricamente ha reca\u00eddo principalmente en las mujeres el cuidar a abuelos\/as, padres\/madres, hermanos\/as, hijos\/as, lo cual lleva en algunos casos a tomar la decisi\u00f3n de coartar el desarrollo profesional por la falta de tiempo o muchas veces tambi\u00e9n por sentimiento de culpa.<\/li>\n<\/ul>\n<p style=\"text-align: justify;\">Todo lo anterior, es importante que sea entendido por parte de todos como sociedad, cada uno tiene un rol tremendamente importante en poder aportar ya sea desde un cotidiano como desde un macro.<\/p>\n<ol style=\"text-align: justify;\" start=\"9\">\n<li><strong>\u00bfQu\u00e9 consejo le podr\u00edas dar a los estudiantes, y especialmente, a las estudiantes que est\u00e9n considerando comenzar o comenzando una carrera en la geotecnia?<\/strong><\/li>\n<\/ol>\n<p style=\"text-align: justify;\">M\u00e1s que consejo, motivarlos respecto a la relevancia y a lo interesante que es esta especialidad, particularmente en Chile en que tenemos sismos, volcanes, miner\u00eda (con su consecuente generaci\u00f3n de materiales como relaves, ripios lixiviados, lastre), proyectos de energ\u00eda (hidr\u00e1ulicos, e\u00f3licos, solares) e infraestructura,&nbsp; a lo que se suma nuestra geograf\u00eda que genera y dispone de una diversidad de materiales a lo largo del pa\u00eds (caliche, chuzca, trumao, entre muchos m\u00e1s) que nos desaf\u00edan a estudiarlos, entender su comportamiento y dar soluci\u00f3n a los diferentes problemas que ellos presenten seg\u00fan la solicitaci\u00f3n que aplique. La especialidad en si tiene un gran abanico de posibilidades para ejercer.<\/p>\n<ol style=\"text-align: justify;\" start=\"10\">\n<li><strong>\u00bfCu\u00e1les son las brechas que vez y como te gustar\u00eda que evolucionara el rol de la mujer en la Ingenier\u00eda Civil?<\/strong><\/li>\n<\/ol>\n<p style=\"text-align: justify;\">Siento que hay una brecha importante en t\u00e9rminos de g\u00e9nero sobre todo en la parte de construcci\u00f3n y miner\u00eda, en que puedes tener extremos de encontrarte con personas definitivamente mis\u00f3ginas o, por el contrario, que te toman m\u00e1s en cuenta al ser mujer, y tienen un trato m\u00e1s cuidadoso y receptivo, siendo ambas situaciones asociadas al g\u00e9nero por sobre el profesional.<\/p>\n<p style=\"text-align: justify;\">Pero volviendo al tema de que no es solo el ser mujer, un ejemplo concreto de ello es que como parte del equipo de operaciones fue contratado un ayudante transg\u00e9nero, lo cual nos llev\u00f3 a revisar desde c\u00f3mo aplica la normativa (por ejemplo, la \u201cley del saco\u201d que define el peso m\u00e1ximo a levantar por un hombre y una mujer) as\u00ed como definir las necesidades pr\u00e1cticas en terreno como por ejemplo el alojamiento, ba\u00f1os, el planteamiento tanto al equipo interno como con el cliente.<\/p>\n<p style=\"text-align: justify;\">Ah\u00ed te das cuenta que m\u00e1s all\u00e1 del g\u00e9nero, hay muchos requisitos que no est\u00e1n claros o bien resueltos. En la medida que esos requerimientos sean identificados, definidos, aplicados y funcionen, el g\u00e9nero cobra menos relevancia.<\/p>\n<p style=\"text-align: justify;\">Sin duda muchas empresas est\u00e1n incorporando pol\u00edticas de inclusi\u00f3n, ha sido un largo proceso, complejo, porque es una transformaci\u00f3n no menor de normativas, h\u00e1bitos, lenguaje y cuestionamientos que movilizan lugares muchas veces muy personales, que requieren romper paradigmas profundos. Los cambios est\u00e1n ocurriendo, a veces en plazos que uno quisiera fueran m\u00e1s cortos y expeditos, pero creo que ser\u00e1n para mejor.<\/p>\n<p>&nbsp;<\/p>\n<p>Entrevista por:<br \/>\nGonzalo Boada, Ingeniero Civil<br \/>\nRafael Iglesias, Ingeniero Civil<\/p>","protected":false},"excerpt":{"rendered":"<p>Nos complace presentarles la entrevista del mes de febrero, en la que tenemos a la destacada ingeniera geot\u00e9cnica, y nuestra expresidenta, Daniela Pollak. En una interesante conversaci\u00f3n, Daniela nos cuenta [&hellip;]<\/p>","protected":false},"author":1,"featured_media":11491,"comment_status":"closed","ping_status":"open","sticky":false,"template":"","format":"standard","meta":{"ngg_post_thumbnail":0,"_links_to":"","_links_to_target":""},"categories":[52,98,49],"tags":[],"_links":{"self":[{"href":"https:\/\/sochige.cl\/en\/wp-json\/wp\/v2\/posts\/11484"}],"collection":[{"href":"https:\/\/sochige.cl\/en\/wp-json\/wp\/v2\/posts"}],"about":[{"href":"https:\/\/sochige.cl\/en\/wp-json\/wp\/v2\/types\/post"}],"author":[{"embeddable":true,"href":"https:\/\/sochige.cl\/en\/wp-json\/wp\/v2\/users\/1"}],"replies":[{"embeddable":true,"href":"https:\/\/sochige.cl\/en\/wp-json\/wp\/v2\/comments?post=11484"}],"version-history":[{"count":2,"href":"https:\/\/sochige.cl\/en\/wp-json\/wp\/v2\/posts\/11484\/revisions"}],"predecessor-version":[{"id":12018,"href":"https:\/\/sochige.cl\/en\/wp-json\/wp\/v2\/posts\/11484\/revisions\/12018"}],"wp:featuredmedia":[{"embeddable":true,"href":"https:\/\/sochige.cl\/en\/wp-json\/wp\/v2\/media\/11491"}],"wp:attachment":[{"href":"https:\/\/sochige.cl\/en\/wp-json\/wp\/v2\/media?parent=11484"}],"wp:term":[{"taxonomy":"category","embeddable":true,"href":"https:\/\/sochige.cl\/en\/wp-json\/wp\/v2\/categories?post=11484"},{"taxonomy":"post_tag","embeddable":true,"href":"https:\/\/sochige.cl\/en\/wp-json\/wp\/v2\/tags?post=11484"}],"curies":[{"name":"wp","href":"https:\/\/api.w.org\/{rel}","templated":true}]}}