{"id":11951,"date":"2022-05-24T18:52:37","date_gmt":"2022-05-24T18:52:37","guid":{"rendered":"https:\/\/sochige.cl\/?p=11951"},"modified":"2022-05-24T18:52:41","modified_gmt":"2022-05-24T18:52:41","slug":"ciclo-de-charlas-primer-semestre-2022-asociacion-chilena-de-ingenieria-geologica","status":"publish","type":"post","link":"https:\/\/sochige.cl\/en\/2022\/05\/24\/ciclo-de-charlas-primer-semestre-2022-asociacion-chilena-de-ingenieria-geologica\/","title":{"rendered":"Ciclo de Charlas Primer Semestre 2022 &#8211; Asociaci\u00f3n Chilena de Ingenier\u00eda Geol\u00f3gica"},"content":{"rendered":"<p>La Asociaci\u00f3n Chilena de Ingenier\u00eda Geol\u00f3gica (ACHIGEO) invita a su ciclo de charlas del primer semestre 2022, en el que tres destacados expositores presentar\u00e1n sobre geotecnia s\u00edsmica y sismolog\u00eda:<br><br><img class=\"an1 CToWUd\" src=\"https:\/\/fonts.gstatic.com\/s\/e\/notoemoji\/14.0\/0031_fe0f_20e3\/32.png\" alt=\"1\ufe0f\u20e3\" data-emoji=\"1\ufe0f\u20e3\" aria-label=\"1\ufe0f\u20e3\">&nbsp;C\u00e9sar Pasten. Ingeniero Civil PhD<br><img class=\"an1 CToWUd\" src=\"https:\/\/fonts.gstatic.com\/s\/e\/notoemoji\/14.0\/1f4a1\/32.png\" alt=\"\ud83d\udca1\" data-emoji=\"\ud83d\udca1\" aria-label=\"\ud83d\udca1\">&nbsp;Evaluaci\u00f3n de amplificaci\u00f3n s\u00edsmica 2D y 3D en dep\u00f3sitos.<br><img class=\"an1 CToWUd\" src=\"https:\/\/fonts.gstatic.com\/s\/e\/notoemoji\/14.0\/1f5d3_fe0f\/32.png\" alt=\"\ud83d\uddd3\ufe0f\" data-emoji=\"\ud83d\uddd3\ufe0f\" aria-label=\"\ud83d\uddd3\ufe0f\">&nbsp;Jueves 26 de mayo, 18.30 hrs.<br><img class=\"an1 CToWUd\" src=\"https:\/\/fonts.gstatic.com\/s\/e\/notoemoji\/14.0\/0032_fe0f_20e3\/32.png\" alt=\"2\ufe0f\u20e3\" data-emoji=\"2\ufe0f\u20e3\" aria-label=\"2\ufe0f\u20e3\">&nbsp;Sof\u00eda Rebolledo. Geologa MSc<br><img class=\"an1 CToWUd\" src=\"https:\/\/fonts.gstatic.com\/s\/e\/notoemoji\/14.0\/1f4a1\/32.png\" alt=\"\ud83d\udca1\" data-emoji=\"\ud83d\udca1\" aria-label=\"\ud83d\udca1\">&nbsp;Conocimiento de la Falla San Ram\u00f3n despu\u00e9s de 20 a\u00f1os de investigaci\u00f3n.<br><img class=\"an1 CToWUd\" src=\"https:\/\/fonts.gstatic.com\/s\/e\/notoemoji\/14.0\/1f5d3_fe0f\/32.png\" alt=\"\ud83d\uddd3\ufe0f\" data-emoji=\"\ud83d\uddd3\ufe0f\" aria-label=\"\ud83d\uddd3\ufe0f\">&nbsp;Jueves 30 de junio, 18:30 hrs.<br><img class=\"an1 CToWUd\" src=\"https:\/\/fonts.gstatic.com\/s\/e\/notoemoji\/14.0\/0033_fe0f_20e3\/32.png\" alt=\"3\ufe0f\u20e3\" data-emoji=\"3\ufe0f\u20e3\" aria-label=\"3\ufe0f\u20e3\">&nbsp;Catalina Morales. Geof\u00edsica PhD<br><img class=\"an1 CToWUd\" src=\"https:\/\/fonts.gstatic.com\/s\/e\/notoemoji\/14.0\/1f4a1\/32.png\" alt=\"\ud83d\udca1\" data-emoji=\"\ud83d\udca1\" aria-label=\"\ud83d\udca1\">&nbsp;La sismolog\u00eda en la gesti\u00f3n del riesgo.<br><img class=\"an1 CToWUd\" src=\"https:\/\/fonts.gstatic.com\/s\/e\/notoemoji\/14.0\/1f5d3_fe0f\/32.png\" alt=\"\ud83d\uddd3\ufe0f\" data-emoji=\"\ud83d\uddd3\ufe0f\" aria-label=\"\ud83d\uddd3\ufe0f\">&nbsp;Jueves 28 de julio, 18:30 hrs.<br><br>Inscripciones en:&nbsp;<strong><a href=\"https:\/\/lnkd.in\/dD45W2DN\" target=\"_blank\" rel=\"noopener\" data-saferedirecturl=\"https:\/\/www.google.com\/url?q=https:\/\/lnkd.in\/dD45W2DN&amp;source=gmail&amp;ust=1653504177041000&amp;usg=AOvVaw31X7gAiYNGofn62NZW5H8Q\">https:\/\/lnkd.in\/dD45W2DN<\/a><\/strong><\/p>\n\n\n<figure class=\"wp-block-image size-large\"><img loading=\"lazy\" width=\"1024\" height=\"1024\" src=\"https:\/\/sochige.cl\/wp-content\/uploads\/2022\/05\/Charlas_PrimerSemestre-1-1024x1024.png\" alt=\"\" class=\"wp-image-11953\" srcset=\"https:\/\/sochige.cl\/wp-content\/uploads\/2022\/05\/Charlas_PrimerSemestre-1-1024x1024.png 1024w, https:\/\/sochige.cl\/wp-content\/uploads\/2022\/05\/Charlas_PrimerSemestre-1-300x300.png 300w, https:\/\/sochige.cl\/wp-content\/uploads\/2022\/05\/Charlas_PrimerSemestre-1-150x150.png 150w, https:\/\/sochige.cl\/wp-content\/uploads\/2022\/05\/Charlas_PrimerSemestre-1-768x768.png 768w, https:\/\/sochige.cl\/wp-content\/uploads\/2022\/05\/Charlas_PrimerSemestre-1-109x109.png 109w, https:\/\/sochige.cl\/wp-content\/uploads\/2022\/05\/Charlas_PrimerSemestre-1-100x100.png 100w, https:\/\/sochige.cl\/wp-content\/uploads\/2022\/05\/Charlas_PrimerSemestre-1-65x65.png 65w, https:\/\/sochige.cl\/wp-content\/uploads\/2022\/05\/Charlas_PrimerSemestre-1.png 1200w\" sizes=\"(max-width: 1024px) 100vw, 1024px\" \/><\/figure>","protected":false},"excerpt":{"rendered":"<p>La Asociaci\u00f3n Chilena de Ingenier\u00eda Geol\u00f3gica (ACHIGEO) invita a su ciclo de charlas del primer semestre 2022, en el que tres destacados expositores presentar\u00e1n sobre geotecnia s\u00edsmica y sismolog\u00eda: &nbsp;C\u00e9sar [&hellip;]<\/p>","protected":false},"author":1,"featured_media":11954,"comment_status":"closed","ping_status":"open","sticky":false,"template":"","format":"standard","meta":{"ngg_post_thumbnail":0,"_links_to":"","_links_to_target":""},"categories":[49,46],"tags":[],"_links":{"self":[{"href":"https:\/\/sochige.cl\/en\/wp-json\/wp\/v2\/posts\/11951"}],"collection":[{"href":"https:\/\/sochige.cl\/en\/wp-json\/wp\/v2\/posts"}],"about":[{"href":"https:\/\/sochige.cl\/en\/wp-json\/wp\/v2\/types\/post"}],"author":[{"embeddable":true,"href":"https:\/\/sochige.cl\/en\/wp-json\/wp\/v2\/users\/1"}],"replies":[{"embeddable":true,"href":"https:\/\/sochige.cl\/en\/wp-json\/wp\/v2\/comments?post=11951"}],"version-history":[{"count":1,"href":"https:\/\/sochige.cl\/en\/wp-json\/wp\/v2\/posts\/11951\/revisions"}],"predecessor-version":[{"id":11955,"href":"https:\/\/sochige.cl\/en\/wp-json\/wp\/v2\/posts\/11951\/revisions\/11955"}],"wp:featuredmedia":[{"embeddable":true,"href":"https:\/\/sochige.cl\/en\/wp-json\/wp\/v2\/media\/11954"}],"wp:attachment":[{"href":"https:\/\/sochige.cl\/en\/wp-json\/wp\/v2\/media?parent=11951"}],"wp:term":[{"taxonomy":"category","embeddable":true,"href":"https:\/\/sochige.cl\/en\/wp-json\/wp\/v2\/categories?post=11951"},{"taxonomy":"post_tag","embeddable":true,"href":"https:\/\/sochige.cl\/en\/wp-json\/wp\/v2\/tags?post=11951"}],"curies":[{"name":"wp","href":"https:\/\/api.w.org\/{rel}","templated":true}]}}