{"id":12741,"date":"2022-07-13T20:56:15","date_gmt":"2022-07-13T20:56:15","guid":{"rendered":"https:\/\/sochige.cl\/?p=12741"},"modified":"2022-07-13T20:56:15","modified_gmt":"2022-07-13T20:56:15","slug":"deslizamiento-de-tierra-en-peru-deja-mas-de-250-damnificados","status":"publish","type":"post","link":"https:\/\/sochige.cl\/en\/2022\/07\/13\/deslizamiento-de-tierra-en-peru-deja-mas-de-250-damnificados\/","title":{"rendered":"Deslizamiento de tierra en Per\u00fa deja m\u00e1s de 250 damnificados"},"content":{"rendered":"<p style=\"text-align: justify;\">El jueves 30 de junio se registr\u00f3 un gran deslizamiento ocurrido en la regi\u00f3n de \u00c1ncash, Per\u00fa, espec\u00edficamente en la localidad de Chav\u00edn de Hu\u00e1ntar. M\u00e1s de 50 viviendas resultaron afectadas y la cifra de damnificados superar\u00eda las 250 personas. Las autoridades locales no reportaron fallecidos.<\/p>\n<p style=\"text-align: justify;\">El deslizamiento habr\u00eda avisado con antelaci\u00f3n. El d\u00eda 21 de junio se report\u00f3 un deslizamiento menor en el mismo sector. Adem\u00e1s, el alcalde de Chav\u00edn de Hu\u00e1ntar (\u00c1ncash), Yon Ram\u00edrez, asegur\u00f3 que ge\u00f3logos revisaron grietas en el talud y recomendaron solicitar el apoyo de especialistas. A pesar de que la autoridad no evacu\u00f3 el sector, las alertas levantadas permitieron que los pobladores se mantuvieron atentos al fen\u00f3meno y alcanzaran a escapar, evitando una tragedia que podr\u00eda haber sido de a\u00fan mayores dimensiones.<\/p>\n<p style=\"text-align: justify;\">Las causas de este deslizamiento no son claras, especialmente considerando que no se han registrado lluvias importantes en el sector, las cuales generalmente son de los gatillantes principales para este tipo de deslizamientos en regiones monta\u00f1osas.<\/p>\n<p style=\"text-align: justify;\">Fuentes:<\/p>\n<ul>\n<li style=\"text-align: justify;\"><a href=\"https:\/\/www.youtube.com\/watch?v=wF6tLqGbI2A\" target=\"_blank\" rel=\"noopener\">www.youtube.com<\/a><\/li>\n<li style=\"text-align: justify;\"><a href=\"https:\/\/www.infobae.com\/america\/peru\/2022\/07\/02\/derrumbe-en-chavin-de-huantar-se-elevan-a-250-los-damnificados-por-el-deslizamiento-de-tierra\/\" target=\"_blank\" rel=\"noopener\">www.infobae.com<\/a><\/li>\n<li style=\"text-align: justify;\"><a href=\"https:\/\/www.infobae.com\/america\/peru\/2022\/07\/01\/derrumbe-en-chavin-de-huantar-vecinos-denuncian-que-autoridades-no-tomaron-medidas-preventivas\/\" target=\"_blank\" rel=\"noopener\">www.infobae.com<\/a><\/li>\n<\/ul>","protected":false},"excerpt":{"rendered":"<p>El jueves 30 de junio se registr\u00f3 un gran deslizamiento ocurrido en la regi\u00f3n de \u00c1ncash, Per\u00fa, espec\u00edficamente en la localidad de Chav\u00edn de Hu\u00e1ntar. M\u00e1s de 50 viviendas resultaron [&hellip;]<\/p>","protected":false},"author":1,"featured_media":12743,"comment_status":"closed","ping_status":"open","sticky":false,"template":"","format":"standard","meta":{"ngg_post_thumbnail":0,"_links_to":"","_links_to_target":""},"categories":[50],"tags":[],"_links":{"self":[{"href":"https:\/\/sochige.cl\/en\/wp-json\/wp\/v2\/posts\/12741"}],"collection":[{"href":"https:\/\/sochige.cl\/en\/wp-json\/wp\/v2\/posts"}],"about":[{"href":"https:\/\/sochige.cl\/en\/wp-json\/wp\/v2\/types\/post"}],"author":[{"embeddable":true,"href":"https:\/\/sochige.cl\/en\/wp-json\/wp\/v2\/users\/1"}],"replies":[{"embeddable":true,"href":"https:\/\/sochige.cl\/en\/wp-json\/wp\/v2\/comments?post=12741"}],"version-history":[{"count":1,"href":"https:\/\/sochige.cl\/en\/wp-json\/wp\/v2\/posts\/12741\/revisions"}],"predecessor-version":[{"id":12744,"href":"https:\/\/sochige.cl\/en\/wp-json\/wp\/v2\/posts\/12741\/revisions\/12744"}],"wp:featuredmedia":[{"embeddable":true,"href":"https:\/\/sochige.cl\/en\/wp-json\/wp\/v2\/media\/12743"}],"wp:attachment":[{"href":"https:\/\/sochige.cl\/en\/wp-json\/wp\/v2\/media?parent=12741"}],"wp:term":[{"taxonomy":"category","embeddable":true,"href":"https:\/\/sochige.cl\/en\/wp-json\/wp\/v2\/categories?post=12741"},{"taxonomy":"post_tag","embeddable":true,"href":"https:\/\/sochige.cl\/en\/wp-json\/wp\/v2\/tags?post=12741"}],"curies":[{"name":"wp","href":"https:\/\/api.w.org\/{rel}","templated":true}]}}