{"id":12902,"date":"2022-09-14T18:36:08","date_gmt":"2022-09-14T18:36:08","guid":{"rendered":"https:\/\/sochige.cl\/?p=12902"},"modified":"2022-09-20T15:16:09","modified_gmt":"2022-09-20T15:16:09","slug":"envio-de-abstracts-para-el-ix-version-del-congreso-internacional-de-geotecnia-medioambiental-2023","status":"publish","type":"post","link":"https:\/\/sochige.cl\/en\/2022\/09\/14\/envio-de-abstracts-para-el-ix-version-del-congreso-internacional-de-geotecnia-medioambiental-2023\/","title":{"rendered":"Env\u00edo de Abstracts para el IX versi\u00f3n del Congreso Internacional de Geotecnia Medioambiental, 2023"},"content":{"rendered":"<div dir=\"auto\"><i>Entre el 25 y el 28 de Junio de 2023, se realizar\u00e1 la IX versi\u00f3n del Congreso Internacional de Geotecnia Medioambiental, el cual ser\u00e1 llevado a cabo en la ciudad de Creta, Grecia.&nbsp;<\/i><\/div>\n<div dir=\"auto\"><i>&nbsp;<\/i><\/div>\n<div dir=\"auto\"><i>La fecha para env\u00edo de Abstracts ha sido extendida hasta el 14 de Octubre de 2022 , sube el tuyo<\/i>&nbsp;<strong><a href=\"https:\/\/iceg2023.org\/authors-area\/#abstracts\" target=\"_blank\" rel=\"noopener\" data-saferedirecturl=\"https:\/\/www.google.com\/url?q=https:\/\/iceg2023.org\/authors-area\/%23abstracts&amp;source=gmail&amp;ust=1663264094300000&amp;usg=AOvVaw2fgtkFo5cgQGUxvCJRUOVQ\">AQU\u00cd<\/a><\/strong>.&nbsp;<\/div>\n<p>Conoce m\u00e1s detalle <strong><a href=\"https:\/\/iceg2023.org\/\" target=\"_blank\" rel=\"noopener\" data-saferedirecturl=\"https:\/\/www.google.com\/url?q=https:\/\/iceg2023.org\/&amp;source=gmail&amp;ust=1663264094300000&amp;usg=AOvVaw25w2F0G04BEe2HTGkYZ_Ci\">AQU\u00cd<\/a><\/strong>.&nbsp;<\/p>\n<p><img loading=\"lazy\" class=\"size-full wp-image-12904 aligncenter\" src=\"https:\/\/sochige.cl\/wp-content\/uploads\/2022\/09\/9ICEG_leaflet_REV_page-0001.jpg\" alt=\"\" width=\"1241\" height=\"1754\" srcset=\"https:\/\/sochige.cl\/wp-content\/uploads\/2022\/09\/9ICEG_leaflet_REV_page-0001.jpg 1241w, https:\/\/sochige.cl\/wp-content\/uploads\/2022\/09\/9ICEG_leaflet_REV_page-0001-212x300.jpg 212w, https:\/\/sochige.cl\/wp-content\/uploads\/2022\/09\/9ICEG_leaflet_REV_page-0001-725x1024.jpg 725w, https:\/\/sochige.cl\/wp-content\/uploads\/2022\/09\/9ICEG_leaflet_REV_page-0001-768x1085.jpg 768w, https:\/\/sochige.cl\/wp-content\/uploads\/2022\/09\/9ICEG_leaflet_REV_page-0001-1087x1536.jpg 1087w\" sizes=\"(max-width: 1241px) 100vw, 1241px\" \/><\/p>","protected":false},"excerpt":{"rendered":"<p>Entre el 25 y el 28 de Junio de 2023, se realizar\u00e1 la IX versi\u00f3n del Congreso Internacional de Geotecnia Medioambiental, el cual ser\u00e1 llevado a cabo en la ciudad [&hellip;]<\/p>","protected":false},"author":1,"featured_media":12910,"comment_status":"closed","ping_status":"open","sticky":false,"template":"","format":"standard","meta":{"ngg_post_thumbnail":0,"_links_to":"","_links_to_target":""},"categories":[50],"tags":[],"_links":{"self":[{"href":"https:\/\/sochige.cl\/en\/wp-json\/wp\/v2\/posts\/12902"}],"collection":[{"href":"https:\/\/sochige.cl\/en\/wp-json\/wp\/v2\/posts"}],"about":[{"href":"https:\/\/sochige.cl\/en\/wp-json\/wp\/v2\/types\/post"}],"author":[{"embeddable":true,"href":"https:\/\/sochige.cl\/en\/wp-json\/wp\/v2\/users\/1"}],"replies":[{"embeddable":true,"href":"https:\/\/sochige.cl\/en\/wp-json\/wp\/v2\/comments?post=12902"}],"version-history":[{"count":2,"href":"https:\/\/sochige.cl\/en\/wp-json\/wp\/v2\/posts\/12902\/revisions"}],"predecessor-version":[{"id":12907,"href":"https:\/\/sochige.cl\/en\/wp-json\/wp\/v2\/posts\/12902\/revisions\/12907"}],"wp:featuredmedia":[{"embeddable":true,"href":"https:\/\/sochige.cl\/en\/wp-json\/wp\/v2\/media\/12910"}],"wp:attachment":[{"href":"https:\/\/sochige.cl\/en\/wp-json\/wp\/v2\/media?parent=12902"}],"wp:term":[{"taxonomy":"category","embeddable":true,"href":"https:\/\/sochige.cl\/en\/wp-json\/wp\/v2\/categories?post=12902"},{"taxonomy":"post_tag","embeddable":true,"href":"https:\/\/sochige.cl\/en\/wp-json\/wp\/v2\/tags?post=12902"}],"curies":[{"name":"wp","href":"https:\/\/api.w.org\/{rel}","templated":true}]}}