{"id":13216,"date":"2022-12-16T20:21:36","date_gmt":"2022-12-16T20:21:36","guid":{"rendered":"https:\/\/sochige.cl\/?p=13216"},"modified":"2022-12-19T20:47:22","modified_gmt":"2022-12-19T20:47:22","slug":"socavon","status":"publish","type":"post","link":"https:\/\/sochige.cl\/en\/2022\/12\/16\/socavon\/","title":{"rendered":"Socav\u00f3n"},"content":{"rendered":"<p style=\"text-align: justify;\"><span style=\"font-weight: 400;\">Durante los primeros d\u00edas del mes de agosto un enorme socav\u00f3n de aproximadamente 37 m de di\u00e1metro y 64 m de profundidad se form\u00f3 de manera repentina en la comuna de Tierra Amarilla.<\/span><\/p>\n<p style=\"text-align: justify;\"><span style=\"font-weight: 400;\">Recientemente, el programa de televisi\u00f3n \u201cInforme Especial\u201d (TVN) realiz\u00f3 un interesante reportaje, el cual investig\u00f3 las causas del socav\u00f3n, y presenta tambi\u00e9n las conclusiones a las que lleg\u00f3 la superintendencia de Medio Ambiente una vez finalizado su respectivo estudio.<\/span><\/p>\n<p style=\"text-align: justify;\"><span style=\"font-weight: 400;\">En el reportaje, representantes de la minera Candelaria reconocen que el material extra\u00eddo super\u00f3 los limites autorizados por la autoridad competente.<\/span><\/p>\n<p style=\"text-align: justify;\"><span style=\"font-weight: 400;\">El reportaje no solo abord\u00f3 aspectos t\u00e9cnicos que tendr\u00edan relaci\u00f3n con las causas del socav\u00f3n, si no que adem\u00e1s presenta una mirada social y humana de los impactos que puede tener el desarrollo minero cuando se realiza en zonas cercanas a zonas habitadas.<\/span><\/p>\n<p style=\"text-align: justify;\"><span style=\"font-weight: 400;\">El reportaje puede ser revisado en el canal de Youtube oficial de TVN, en el siguiente link: <\/span><a href=\"https:\/\/youtu.be\/HBAEMVkyD7A\" target=\"_blank\" rel=\"noopener\"><span style=\"font-weight: 400;\">https:\/\/youtu.be\/HBAEMVkyD7A<\/span><\/a><\/p>","protected":false},"excerpt":{"rendered":"<p>Durante los primeros d\u00edas del mes de agosto un enorme socav\u00f3n de aproximadamente 37 m de di\u00e1metro y 64 m de profundidad se form\u00f3 de manera repentina en la comuna [&hellip;]<\/p>","protected":false},"author":1,"featured_media":13237,"comment_status":"closed","ping_status":"open","sticky":false,"template":"","format":"standard","meta":{"ngg_post_thumbnail":0,"_links_to":"","_links_to_target":""},"categories":[46],"tags":[],"_links":{"self":[{"href":"https:\/\/sochige.cl\/en\/wp-json\/wp\/v2\/posts\/13216"}],"collection":[{"href":"https:\/\/sochige.cl\/en\/wp-json\/wp\/v2\/posts"}],"about":[{"href":"https:\/\/sochige.cl\/en\/wp-json\/wp\/v2\/types\/post"}],"author":[{"embeddable":true,"href":"https:\/\/sochige.cl\/en\/wp-json\/wp\/v2\/users\/1"}],"replies":[{"embeddable":true,"href":"https:\/\/sochige.cl\/en\/wp-json\/wp\/v2\/comments?post=13216"}],"version-history":[{"count":1,"href":"https:\/\/sochige.cl\/en\/wp-json\/wp\/v2\/posts\/13216\/revisions"}],"predecessor-version":[{"id":13218,"href":"https:\/\/sochige.cl\/en\/wp-json\/wp\/v2\/posts\/13216\/revisions\/13218"}],"wp:featuredmedia":[{"embeddable":true,"href":"https:\/\/sochige.cl\/en\/wp-json\/wp\/v2\/media\/13237"}],"wp:attachment":[{"href":"https:\/\/sochige.cl\/en\/wp-json\/wp\/v2\/media?parent=13216"}],"wp:term":[{"taxonomy":"category","embeddable":true,"href":"https:\/\/sochige.cl\/en\/wp-json\/wp\/v2\/categories?post=13216"},{"taxonomy":"post_tag","embeddable":true,"href":"https:\/\/sochige.cl\/en\/wp-json\/wp\/v2\/tags?post=13216"}],"curies":[{"name":"wp","href":"https:\/\/api.w.org\/{rel}","templated":true}]}}