{"id":13219,"date":"2022-12-16T20:23:47","date_gmt":"2022-12-16T20:23:47","guid":{"rendered":"https:\/\/sochige.cl\/?p=13219"},"modified":"2022-12-19T20:50:31","modified_gmt":"2022-12-19T20:50:31","slug":"9iceg-9th-international-congress-on-environmental-geotechnics","status":"publish","type":"post","link":"https:\/\/sochige.cl\/en\/2022\/12\/16\/9iceg-9th-international-congress-on-environmental-geotechnics\/","title":{"rendered":"9ICEG &#8211; 9th International Congress on Environmental Geotechnics"},"content":{"rendered":"<p style=\"text-align: justify;\"><span style=\"font-weight: 400;\">Durante los d\u00edas 23 al 28 de junio de 2023 se llevar\u00e1 a cabo el noveno congreso internacional en geot\u00e9cnica ambiental (9ICEG), en la hist\u00f3rica isla de Creta, Grecia.<\/span><\/p>\n<p style=\"text-align: justify;\"><span style=\"font-weight: 400;\">En el congreso, cuyo tema principal es\u201cDestacando el papel de la geotecnia ambiental para abordar desaf\u00edos globales\u201d, se reunir\u00e1n los principales l\u00edderes acad\u00e9micos y de la pr\u00e1ctica exponer y discutir una vasta cantidad de temas como: Gesti\u00f3n de residuos, remediaci\u00f3n geoambiental de suelos, geoenerg\u00edas, entre otras.<\/span><\/p>\n<p style=\"text-align: justify;\"><span style=\"font-weight: 400;\">Los invitamos a revisar m\u00e1s detalles en: <\/span><a href=\"https:\/\/iceg2023.org\/\"><span style=\"font-weight: 400;\">https:\/\/iceg2023.org\/<\/span><\/a><\/p>","protected":false},"excerpt":{"rendered":"<p>Durante los d\u00edas 23 al 28 de junio de 2023 se llevar\u00e1 a cabo el noveno congreso internacional en geot\u00e9cnica ambiental (9ICEG), en la hist\u00f3rica isla de Creta, Grecia. En [&hellip;]<\/p>","protected":false},"author":1,"featured_media":13238,"comment_status":"closed","ping_status":"open","sticky":false,"template":"","format":"standard","meta":{"ngg_post_thumbnail":0,"_links_to":"","_links_to_target":""},"categories":[46],"tags":[],"_links":{"self":[{"href":"https:\/\/sochige.cl\/en\/wp-json\/wp\/v2\/posts\/13219"}],"collection":[{"href":"https:\/\/sochige.cl\/en\/wp-json\/wp\/v2\/posts"}],"about":[{"href":"https:\/\/sochige.cl\/en\/wp-json\/wp\/v2\/types\/post"}],"author":[{"embeddable":true,"href":"https:\/\/sochige.cl\/en\/wp-json\/wp\/v2\/users\/1"}],"replies":[{"embeddable":true,"href":"https:\/\/sochige.cl\/en\/wp-json\/wp\/v2\/comments?post=13219"}],"version-history":[{"count":1,"href":"https:\/\/sochige.cl\/en\/wp-json\/wp\/v2\/posts\/13219\/revisions"}],"predecessor-version":[{"id":13221,"href":"https:\/\/sochige.cl\/en\/wp-json\/wp\/v2\/posts\/13219\/revisions\/13221"}],"wp:featuredmedia":[{"embeddable":true,"href":"https:\/\/sochige.cl\/en\/wp-json\/wp\/v2\/media\/13238"}],"wp:attachment":[{"href":"https:\/\/sochige.cl\/en\/wp-json\/wp\/v2\/media?parent=13219"}],"wp:term":[{"taxonomy":"category","embeddable":true,"href":"https:\/\/sochige.cl\/en\/wp-json\/wp\/v2\/categories?post=13219"},{"taxonomy":"post_tag","embeddable":true,"href":"https:\/\/sochige.cl\/en\/wp-json\/wp\/v2\/tags?post=13219"}],"curies":[{"name":"wp","href":"https:\/\/api.w.org\/{rel}","templated":true}]}}