{"id":13404,"date":"2023-03-28T13:16:22","date_gmt":"2023-03-28T13:16:22","guid":{"rendered":"https:\/\/sochige.cl\/?p=13404"},"modified":"2023-03-28T18:37:09","modified_gmt":"2023-03-28T18:37:09","slug":"derrumbe-en-mina-de-la-serena-deja-un-fallecido","status":"publish","type":"post","link":"https:\/\/sochige.cl\/en\/2023\/03\/28\/derrumbe-en-mina-de-la-serena-deja-un-fallecido\/","title":{"rendered":"Derrumbe en mina de La Serena deja un fallecido"},"content":{"rendered":"<p style=\"text-align: justify;\"><span style=\"font-weight: 400;\">Durante la tarde del 23 de febrero un derrumbe dej\u00f3 un trabajador fallecido en la mina \u2018La Lechuza\u2019, ubicada en la comuna de La Serena, Regi\u00f3n de Coquimbo. El derrumbe se produjo alrededor de las 18:40 horas, dejando a la v\u00edctima atrapada en el interior de la mina, cuyo cuerpo fue rescatado posteriormente por voluntarios de bomberos.<\/span><\/p>\n<p style=\"text-align: justify;\"><span style=\"font-weight: 400;\">El incidente levanta la preocupaci\u00f3n por las condiciones de seguridad en la peque\u00f1a miner\u00eda. En una entrevista para el sitio \u201cMiner\u00eda Chilena\u201d en 2022 (<\/span><a href=\"https:\/\/www.mch.cl\/2022\/04\/08\/alfonso-domeyko-la-pequena-mineria-es-fundamental-para-el-desarrollo-del-ecosistema-minero-nacional\/\"><span style=\"font-weight: 400;\">https:\/\/www.mch.cl\/2022\/04\/08\/alfonso-domeyko-la-pequena-mineria-es-fundamental-para-el-desarrollo-del-ecosistema-minero-nacional\/#<\/span><\/a><span style=\"font-weight: 400;\">), el ex Director Nacional de Sernageomin, Alfonso Domeyko, coment\u00f3 que si bien se ha reducido el \u00edndice de fatalidad asociado a la peque\u00f1a miner\u00eda en los \u00faltimos a\u00f1os, el principal desaf\u00edo para este subsector productivo contin\u00faa siendo reducir la brecha en los est\u00e1ndares de seguridad, con respecto a la mediana y gran miner\u00eda.<\/span><\/p>\n<p style=\"text-align: justify;\"><span style=\"font-weight: 400;\">Fuente:<\/span><\/p>\n<p style=\"text-align: justify;\"><a href=\"https:\/\/www.mch.cl\/2023\/02\/24\/derrumbe-en-mina-de-la-serena-deja-un-fallecido\/\" target=\"_blank\" rel=\"noopener\"><span style=\"font-weight: 400;\">https:\/\/www.mch.cl\/2023\/02\/24\/derrumbe-en-mina-de-la-serena-deja-un-fallecido\/<\/span><\/a><span style=\"font-weight: 400;\">&nbsp;<\/span><\/p>","protected":false},"excerpt":{"rendered":"<p>Durante la tarde del 23 de febrero un derrumbe dej\u00f3 un trabajador fallecido en la mina \u2018La Lechuza\u2019, ubicada en la comuna de La Serena, Regi\u00f3n de Coquimbo. El derrumbe [&hellip;]<\/p>","protected":false},"author":1,"featured_media":13472,"comment_status":"closed","ping_status":"open","sticky":false,"template":"","format":"standard","meta":{"ngg_post_thumbnail":0,"_links_to":"","_links_to_target":""},"categories":[46],"tags":[],"_links":{"self":[{"href":"https:\/\/sochige.cl\/en\/wp-json\/wp\/v2\/posts\/13404"}],"collection":[{"href":"https:\/\/sochige.cl\/en\/wp-json\/wp\/v2\/posts"}],"about":[{"href":"https:\/\/sochige.cl\/en\/wp-json\/wp\/v2\/types\/post"}],"author":[{"embeddable":true,"href":"https:\/\/sochige.cl\/en\/wp-json\/wp\/v2\/users\/1"}],"replies":[{"embeddable":true,"href":"https:\/\/sochige.cl\/en\/wp-json\/wp\/v2\/comments?post=13404"}],"version-history":[{"count":1,"href":"https:\/\/sochige.cl\/en\/wp-json\/wp\/v2\/posts\/13404\/revisions"}],"predecessor-version":[{"id":13406,"href":"https:\/\/sochige.cl\/en\/wp-json\/wp\/v2\/posts\/13404\/revisions\/13406"}],"wp:featuredmedia":[{"embeddable":true,"href":"https:\/\/sochige.cl\/en\/wp-json\/wp\/v2\/media\/13472"}],"wp:attachment":[{"href":"https:\/\/sochige.cl\/en\/wp-json\/wp\/v2\/media?parent=13404"}],"wp:term":[{"taxonomy":"category","embeddable":true,"href":"https:\/\/sochige.cl\/en\/wp-json\/wp\/v2\/categories?post=13404"},{"taxonomy":"post_tag","embeddable":true,"href":"https:\/\/sochige.cl\/en\/wp-json\/wp\/v2\/tags?post=13404"}],"curies":[{"name":"wp","href":"https:\/\/api.w.org\/{rel}","templated":true}]}}