{"id":13409,"date":"2023-03-28T13:17:58","date_gmt":"2023-03-28T13:17:58","guid":{"rendered":"https:\/\/sochige.cl\/?p=13409"},"modified":"2023-03-28T18:33:45","modified_gmt":"2023-03-28T18:33:45","slug":"gigantesco-aluvion-en-aysen","status":"publish","type":"post","link":"https:\/\/sochige.cl\/en\/2023\/03\/28\/gigantesco-aluvion-en-aysen\/","title":{"rendered":"Gigantesco Aluvi\u00f3n en Ays\u00e9n"},"content":{"rendered":"<p style=\"text-align: justify;\"><span style=\"font-weight: 400;\">El d\u00eda 11 de marzo se produjo un aluvi\u00f3n en el sector de Lago Riesco, en la Regi\u00f3n de Ays\u00e9n.<\/span><span style=\"font-weight: 400;\"> Afortunadamente y a pesar de la magnitud del hecho no se registraron personas lesionadas ni viviendas da\u00f1adas, s\u00f3lo ocasion\u00f3 la interrupci\u00f3n de <\/span><span style=\"font-weight: 400;\">la ruta X-550 a cinco kil\u00f3metros del puente Dunn.<\/span><\/p>\n<p style=\"text-align: justify;\"><span style=\"font-weight: 400;\">Estos eventos de remociones en masa tipo \u201cflujo\u201d presentan varios factores condicionantes, entre los cuales se encuentran: pendiente de laderas, presencia de vegetaci\u00f3n, tipo de dep\u00f3sito de suelo o roca, saturaci\u00f3n del dep\u00f3sito, factores clim\u00e1ticos y acci\u00f3n antr\u00f3pica, entre los m\u00e1s importantes (Hauser, 1993). Las remociones en masa presentan eventos gatillantes como precipitaciones, sismos, y en un segundo plano, erupciones volc\u00e1nicas, intervenci\u00f3n humana y derretimientos de nieve.&nbsp;<\/span><\/p>\n<p style=\"text-align: justify;\"><span style=\"font-weight: 400;\">Estos eventos enfatizan lo importante de generar instrumentos de evaluaci\u00f3n y mapas de peligrosidad de remociones en masa, \u00fatiles para la planificaci\u00f3n territorial y la protecci\u00f3n de la poblaci\u00f3n.&nbsp;<\/span><\/p>\n<p style=\"text-align: justify;\"><span style=\"font-weight: 400;\">Fuentes:<\/span><\/p>\n<p style=\"text-align: justify;\"><a href=\"https:\/\/www.lun.com\/Pages\/NewsDetail.aspx?dt=2023-03-12&amp;EsAviso=0&amp;PaginaId=5&amp;bodyid=0\" target=\"_blank\" rel=\"noopener\"><span style=\"font-weight: 400;\">https:\/\/www.lun.com\/Pages\/NewsDetail.aspx?dt=2023-03-12&amp;EsAviso=0&amp;PaginaId=5&amp;bodyid=0<\/span><\/a><span style=\"font-weight: 400;\">&nbsp;<\/span><\/p>","protected":false},"excerpt":{"rendered":"<p>El d\u00eda 11 de marzo se produjo un aluvi\u00f3n en el sector de Lago Riesco, en la Regi\u00f3n de Ays\u00e9n. Afortunadamente y a pesar de la magnitud del hecho no [&hellip;]<\/p>","protected":false},"author":1,"featured_media":13471,"comment_status":"closed","ping_status":"open","sticky":false,"template":"","format":"standard","meta":{"ngg_post_thumbnail":0,"_links_to":"","_links_to_target":""},"categories":[46],"tags":[],"_links":{"self":[{"href":"https:\/\/sochige.cl\/en\/wp-json\/wp\/v2\/posts\/13409"}],"collection":[{"href":"https:\/\/sochige.cl\/en\/wp-json\/wp\/v2\/posts"}],"about":[{"href":"https:\/\/sochige.cl\/en\/wp-json\/wp\/v2\/types\/post"}],"author":[{"embeddable":true,"href":"https:\/\/sochige.cl\/en\/wp-json\/wp\/v2\/users\/1"}],"replies":[{"embeddable":true,"href":"https:\/\/sochige.cl\/en\/wp-json\/wp\/v2\/comments?post=13409"}],"version-history":[{"count":1,"href":"https:\/\/sochige.cl\/en\/wp-json\/wp\/v2\/posts\/13409\/revisions"}],"predecessor-version":[{"id":13411,"href":"https:\/\/sochige.cl\/en\/wp-json\/wp\/v2\/posts\/13409\/revisions\/13411"}],"wp:featuredmedia":[{"embeddable":true,"href":"https:\/\/sochige.cl\/en\/wp-json\/wp\/v2\/media\/13471"}],"wp:attachment":[{"href":"https:\/\/sochige.cl\/en\/wp-json\/wp\/v2\/media?parent=13409"}],"wp:term":[{"taxonomy":"category","embeddable":true,"href":"https:\/\/sochige.cl\/en\/wp-json\/wp\/v2\/categories?post=13409"},{"taxonomy":"post_tag","embeddable":true,"href":"https:\/\/sochige.cl\/en\/wp-json\/wp\/v2\/tags?post=13409"}],"curies":[{"name":"wp","href":"https:\/\/api.w.org\/{rel}","templated":true}]}}