{"id":13412,"date":"2023-03-28T13:18:53","date_gmt":"2023-03-28T13:18:53","guid":{"rendered":"https:\/\/sochige.cl\/?p=13412"},"modified":"2023-03-28T18:11:06","modified_gmt":"2023-03-28T18:11:06","slug":"desprendimiento-de-tierra-en-cerro-san-cristobal-tras-sismo-en-la-zona-central","status":"publish","type":"post","link":"https:\/\/sochige.cl\/en\/2023\/03\/28\/desprendimiento-de-tierra-en-cerro-san-cristobal-tras-sismo-en-la-zona-central\/","title":{"rendered":"Desprendimiento de tierra en cerro San Crist\u00f3bal tras sismo en la zona central"},"content":{"rendered":"<p style=\"text-align: justify;\"><span style=\"font-weight: 400;\">El d\u00eda 21 de marzo se registr\u00f3 un sismo de magnitud Mw 5.6, con su epicentro ubicado a 13 km al noroeste de Melipilla, el cual provoc\u00f3 desprendimientos en el costado sur del cerro San Crist\u00f3bal, Santiago.<\/span><\/p>\n<p style=\"text-align: justify;\"><span style=\"font-weight: 400;\">Desde el Parque Metropolitano informaron que el hecho no produjo v\u00edctimas ni da\u00f1os materiales, adem\u00e1s de la existencia de barreras din\u00e1micas en las zonas m\u00e1s riesgosas del cerro.<\/span><\/p>\n<p style=\"text-align: justify;\"><span style=\"font-weight: 400;\">Fuente:<\/span><\/p>\n<p style=\"text-align: justify;\"><a href=\"https:\/\/www.24horas.cl\/actualidad\/nacional\/temblor-santiago-desprendimiento-cerro-sa-cristobal\"><span style=\"font-weight: 400;\">https:\/\/www.24horas.cl\/actualidad\/nacional\/temblor-santiago-desprendimiento-cerro-sa-cristobal<\/span><\/a><span style=\"font-weight: 400;\">&nbsp;<\/span><\/p>","protected":false},"excerpt":{"rendered":"<p>El d\u00eda 21 de marzo se registr\u00f3 un sismo de magnitud Mw 5.6, con su epicentro ubicado a 13 km al noroeste de Melipilla, el cual provoc\u00f3 desprendimientos en el [&hellip;]<\/p>","protected":false},"author":1,"featured_media":13469,"comment_status":"closed","ping_status":"open","sticky":false,"template":"","format":"standard","meta":{"ngg_post_thumbnail":0,"_links_to":"","_links_to_target":""},"categories":[1],"tags":[],"_links":{"self":[{"href":"https:\/\/sochige.cl\/en\/wp-json\/wp\/v2\/posts\/13412"}],"collection":[{"href":"https:\/\/sochige.cl\/en\/wp-json\/wp\/v2\/posts"}],"about":[{"href":"https:\/\/sochige.cl\/en\/wp-json\/wp\/v2\/types\/post"}],"author":[{"embeddable":true,"href":"https:\/\/sochige.cl\/en\/wp-json\/wp\/v2\/users\/1"}],"replies":[{"embeddable":true,"href":"https:\/\/sochige.cl\/en\/wp-json\/wp\/v2\/comments?post=13412"}],"version-history":[{"count":1,"href":"https:\/\/sochige.cl\/en\/wp-json\/wp\/v2\/posts\/13412\/revisions"}],"predecessor-version":[{"id":13414,"href":"https:\/\/sochige.cl\/en\/wp-json\/wp\/v2\/posts\/13412\/revisions\/13414"}],"wp:featuredmedia":[{"embeddable":true,"href":"https:\/\/sochige.cl\/en\/wp-json\/wp\/v2\/media\/13469"}],"wp:attachment":[{"href":"https:\/\/sochige.cl\/en\/wp-json\/wp\/v2\/media?parent=13412"}],"wp:term":[{"taxonomy":"category","embeddable":true,"href":"https:\/\/sochige.cl\/en\/wp-json\/wp\/v2\/categories?post=13412"},{"taxonomy":"post_tag","embeddable":true,"href":"https:\/\/sochige.cl\/en\/wp-json\/wp\/v2\/tags?post=13412"}],"curies":[{"name":"wp","href":"https:\/\/api.w.org\/{rel}","templated":true}]}}