{"id":13448,"date":"2023-03-28T14:54:38","date_gmt":"2023-03-28T14:54:38","guid":{"rendered":"https:\/\/sochige.cl\/?p=13448"},"modified":"2023-03-29T13:29:18","modified_gmt":"2023-03-29T13:29:18","slug":"15-conferencia-internacional-construccion-subterranea-praga-2023","status":"publish","type":"post","link":"https:\/\/sochige.cl\/en\/2023\/03\/28\/15-conferencia-internacional-construccion-subterranea-praga-2023\/","title":{"rendered":"15 \u00b0 Conferencia Internacional Construcci\u00f3n Subterr\u00e1nea Praga 2023"},"content":{"rendered":"<p><span style=\"font-weight: 400;\">La Asociaci\u00f3n Checa de T\u00faneles ITA-AITES&nbsp; invita cordialmente a la 15\u00b0 Conferencia Internacional&nbsp; \u00abConstrucci\u00f3n Subterr\u00e1nea Praga 2023\u00bb, que se llevar\u00e1 a cabo en Praga, Rep\u00fablica Checa, del 29 al 31 de mayo. Los participantes del congreso podr\u00e1n asistir al programa cient\u00edfico y social. <\/span><\/p>\n<p><span style=\"font-weight: 400;\">Para obtener m\u00e1s informaci\u00f3n sobre el evento revisar: <\/span><a href=\"https:\/\/www.ucprague.com\/\" target=\"_blank\" rel=\"noopener\"><span style=\"font-weight: 400;\">https:\/\/www.ucprague.com\/<\/span><\/a><span style=\"font-weight: 400;\">&nbsp;<\/span><\/p>","protected":false},"excerpt":{"rendered":"<p>La Asociaci\u00f3n Checa de T\u00faneles ITA-AITES&nbsp; invita cordialmente a la 15\u00b0 Conferencia Internacional&nbsp; \u00abConstrucci\u00f3n Subterr\u00e1nea Praga 2023\u00bb, que se llevar\u00e1 a cabo en Praga, Rep\u00fablica Checa, del 29 al 31 [&hellip;]<\/p>","protected":false},"author":1,"featured_media":13491,"comment_status":"closed","ping_status":"open","sticky":false,"template":"","format":"standard","meta":{"ngg_post_thumbnail":0,"_links_to":"","_links_to_target":""},"categories":[50],"tags":[],"_links":{"self":[{"href":"https:\/\/sochige.cl\/en\/wp-json\/wp\/v2\/posts\/13448"}],"collection":[{"href":"https:\/\/sochige.cl\/en\/wp-json\/wp\/v2\/posts"}],"about":[{"href":"https:\/\/sochige.cl\/en\/wp-json\/wp\/v2\/types\/post"}],"author":[{"embeddable":true,"href":"https:\/\/sochige.cl\/en\/wp-json\/wp\/v2\/users\/1"}],"replies":[{"embeddable":true,"href":"https:\/\/sochige.cl\/en\/wp-json\/wp\/v2\/comments?post=13448"}],"version-history":[{"count":1,"href":"https:\/\/sochige.cl\/en\/wp-json\/wp\/v2\/posts\/13448\/revisions"}],"predecessor-version":[{"id":13450,"href":"https:\/\/sochige.cl\/en\/wp-json\/wp\/v2\/posts\/13448\/revisions\/13450"}],"wp:featuredmedia":[{"embeddable":true,"href":"https:\/\/sochige.cl\/en\/wp-json\/wp\/v2\/media\/13491"}],"wp:attachment":[{"href":"https:\/\/sochige.cl\/en\/wp-json\/wp\/v2\/media?parent=13448"}],"wp:term":[{"taxonomy":"category","embeddable":true,"href":"https:\/\/sochige.cl\/en\/wp-json\/wp\/v2\/categories?post=13448"},{"taxonomy":"post_tag","embeddable":true,"href":"https:\/\/sochige.cl\/en\/wp-json\/wp\/v2\/tags?post=13448"}],"curies":[{"name":"wp","href":"https:\/\/api.w.org\/{rel}","templated":true}]}}