{"id":13675,"date":"2023-05-30T17:15:38","date_gmt":"2023-05-30T17:15:38","guid":{"rendered":"https:\/\/sochige.cl\/?p=13675"},"modified":"2023-05-30T17:15:38","modified_gmt":"2023-05-30T17:15:38","slug":"xiii-simposio-internacional-de-estructuras-geotecnia-y-materiales-de-construccion","status":"publish","type":"post","link":"https:\/\/sochige.cl\/en\/2023\/05\/30\/xiii-simposio-internacional-de-estructuras-geotecnia-y-materiales-de-construccion\/","title":{"rendered":"XIII Simposio Internacional de Estructuras, Geotecnia y Materiales de Construcci\u00f3n"},"content":{"rendered":"<div>\n<h5 style=\"text-align: justify;\"><span style=\"font-size: small;\">La Facultad de Construcciones de la Universidad Central \u00abMarta Abreu\u00bb de Las Villas (UCLV), Cuba, y el Comit\u00e9 Organizador y Cient\u00edfico del Simposio Internacional de Estructuras, Geotecnia y Materiales de Construcci\u00f3n, convocan a los especialistas y estudiantes de nivel superior, cubanos y extranjeros, a participar en la XIII Edici\u00f3n de esta cita, en el marco de la IV Convenci\u00f3n Cient\u00edfica Internacional \u201cCiencia, Tecnolog\u00eda y Sociedad. \u201cCCI 2023\u201d a celebrarse del &nbsp;13 al 17 de noviembre de 2023 en el Destino Tur\u00edstico Cayos de Villa Clara, Cuba.<\/span><\/h5>\n<\/div>\n<div style=\"text-align: justify;\">\n<h5><span style=\"font-size: small;\">Los res\u00famenes y los trabajos deben enviarse antes del: 25 de julio de 2023<\/span><\/h5>\n<\/div>\n<div style=\"text-align: justify;\">M\u00e1s informaci\u00f3n:<\/div>\n<ol>\n<li style=\"text-align: justify;\"><a href=\"https:\/\/convencion.uclv.cu\/es\/event\/xiii-simposio-internacional-de-estructuras-geotecnia-y-materiales-de-construccion-estructuras-2023-190\/register\" target=\"_blank\" rel=\"noopener\" data-saferedirecturl=\"https:\/\/www.google.com\/url?q=https:\/\/convencion.uclv.cu\/es\/event\/xiii-simposio-internacional-de-estructuras-geotecnia-y-materiales-de-construccion-estructuras-2023-190\/register&amp;source=gmail&amp;ust=1685541566414000&amp;usg=AOvVaw0jQ4x3ynGK3L8kjyPsX-zC\">https:\/\/convencion.uclv.cu\/es\/<wbr>event\/xiii-simposio-<wbr>internacional-de-estructuras-<wbr>geotecnia-y-materiales-de-<wbr>construccion-estructuras-2023-<wbr>190\/register<\/a><\/li>\n<li><a href=\"https:\/\/sochige.cl\/wp-content\/uploads\/2023\/05\/13no-SIMPOSIO-INTERNACIONAL.pdf\" target=\"_blank\" rel=\"noopener\">13no SIMPOSIO INTERNACIONAL<\/a><\/li>\n<\/ol>","protected":false},"excerpt":{"rendered":"<p>La Facultad de Construcciones de la Universidad Central \u00abMarta Abreu\u00bb de Las Villas (UCLV), Cuba, y el Comit\u00e9 Organizador y Cient\u00edfico del Simposio Internacional de Estructuras, Geotecnia y Materiales de [&hellip;]<\/p>","protected":false},"author":1,"featured_media":13678,"comment_status":"closed","ping_status":"open","sticky":false,"template":"","format":"standard","meta":{"ngg_post_thumbnail":0,"_links_to":"","_links_to_target":""},"categories":[50],"tags":[],"_links":{"self":[{"href":"https:\/\/sochige.cl\/en\/wp-json\/wp\/v2\/posts\/13675"}],"collection":[{"href":"https:\/\/sochige.cl\/en\/wp-json\/wp\/v2\/posts"}],"about":[{"href":"https:\/\/sochige.cl\/en\/wp-json\/wp\/v2\/types\/post"}],"author":[{"embeddable":true,"href":"https:\/\/sochige.cl\/en\/wp-json\/wp\/v2\/users\/1"}],"replies":[{"embeddable":true,"href":"https:\/\/sochige.cl\/en\/wp-json\/wp\/v2\/comments?post=13675"}],"version-history":[{"count":1,"href":"https:\/\/sochige.cl\/en\/wp-json\/wp\/v2\/posts\/13675\/revisions"}],"predecessor-version":[{"id":13679,"href":"https:\/\/sochige.cl\/en\/wp-json\/wp\/v2\/posts\/13675\/revisions\/13679"}],"wp:featuredmedia":[{"embeddable":true,"href":"https:\/\/sochige.cl\/en\/wp-json\/wp\/v2\/media\/13678"}],"wp:attachment":[{"href":"https:\/\/sochige.cl\/en\/wp-json\/wp\/v2\/media?parent=13675"}],"wp:term":[{"taxonomy":"category","embeddable":true,"href":"https:\/\/sochige.cl\/en\/wp-json\/wp\/v2\/categories?post=13675"},{"taxonomy":"post_tag","embeddable":true,"href":"https:\/\/sochige.cl\/en\/wp-json\/wp\/v2\/tags?post=13675"}],"curies":[{"name":"wp","href":"https:\/\/api.w.org\/{rel}","templated":true}]}}