{"id":13802,"date":"2023-08-28T13:56:33","date_gmt":"2023-08-28T17:56:33","guid":{"rendered":"https:\/\/sochige.cl\/?p=13802"},"modified":"2023-08-28T13:56:33","modified_gmt":"2023-08-28T17:56:33","slug":"inundaciones-en-italia-y-ola-de-calor-en-europa","status":"publish","type":"post","link":"https:\/\/sochige.cl\/en\/2023\/08\/28\/inundaciones-en-italia-y-ola-de-calor-en-europa\/","title":{"rendered":"Inundaciones en Italia y ola de calor en Europa"},"content":{"rendered":"<p style=\"text-align: justify;\">Las fuertes lluvias han causado inundaciones en la regi\u00f3n norte de Emilia-Romagna en Italia, dejando nueve personas muertas y varias desaparecidas. Alrededor de 10,000 personas han sido evacuadas, y algunas tuvieron que ser rescatadas de los tejados en helic\u00f3ptero. Catorce r\u00edos han desbordado, afectando a 23 localidades. El Gran Premio de F\u00f3rmula 1 de Emilia-Romagna que se iba a celebrar fue cancelado debido a las condiciones clim\u00e1ticas.<\/p>\n<p style=\"text-align: justify;\"><img loading=\"lazy\" class=\"alignleft size-full wp-image-13804\" src=\"https:\/\/sochige.cl\/wp-content\/uploads\/2023\/08\/biking-5680458_640.jpg\" alt=\"\" width=\"640\" height=\"404\" srcset=\"https:\/\/sochige.cl\/wp-content\/uploads\/2023\/08\/biking-5680458_640.jpg 640w, https:\/\/sochige.cl\/wp-content\/uploads\/2023\/08\/biking-5680458_640-300x189.jpg 300w\" sizes=\"(max-width: 640px) 100vw, 640px\" \/><\/p>\n<p style=\"text-align: justify;\">Las fuertes lluvias contrastaron tambi\u00e9n con la fuerte ola de calor registrada durante el mes de Julio en Europa, en donde se alcanzaron temperaturas m\u00e1ximas hist\u00f3ricas, con el term\u00f3metro alcanzando incluso los 48\u00b0C en algunas zonas del viejo continente, quedando en evidencia una vez m\u00e1s las grandes consecuencias del cambio clim\u00e1tico.<\/p>","protected":false},"excerpt":{"rendered":"<p>Las fuertes lluvias han causado inundaciones en la regi\u00f3n norte de Emilia-Romagna en Italia, dejando nueve personas muertas y varias desaparecidas. Alrededor de 10,000 personas han sido evacuadas, y algunas [&hellip;]<\/p>","protected":false},"author":1,"featured_media":13804,"comment_status":"closed","ping_status":"open","sticky":false,"template":"","format":"standard","meta":{"ngg_post_thumbnail":0,"_links_to":"","_links_to_target":""},"categories":[50,46],"tags":[],"_links":{"self":[{"href":"https:\/\/sochige.cl\/en\/wp-json\/wp\/v2\/posts\/13802"}],"collection":[{"href":"https:\/\/sochige.cl\/en\/wp-json\/wp\/v2\/posts"}],"about":[{"href":"https:\/\/sochige.cl\/en\/wp-json\/wp\/v2\/types\/post"}],"author":[{"embeddable":true,"href":"https:\/\/sochige.cl\/en\/wp-json\/wp\/v2\/users\/1"}],"replies":[{"embeddable":true,"href":"https:\/\/sochige.cl\/en\/wp-json\/wp\/v2\/comments?post=13802"}],"version-history":[{"count":2,"href":"https:\/\/sochige.cl\/en\/wp-json\/wp\/v2\/posts\/13802\/revisions"}],"predecessor-version":[{"id":13817,"href":"https:\/\/sochige.cl\/en\/wp-json\/wp\/v2\/posts\/13802\/revisions\/13817"}],"wp:featuredmedia":[{"embeddable":true,"href":"https:\/\/sochige.cl\/en\/wp-json\/wp\/v2\/media\/13804"}],"wp:attachment":[{"href":"https:\/\/sochige.cl\/en\/wp-json\/wp\/v2\/media?parent=13802"}],"wp:term":[{"taxonomy":"category","embeddable":true,"href":"https:\/\/sochige.cl\/en\/wp-json\/wp\/v2\/categories?post=13802"},{"taxonomy":"post_tag","embeddable":true,"href":"https:\/\/sochige.cl\/en\/wp-json\/wp\/v2\/tags?post=13802"}],"curies":[{"name":"wp","href":"https:\/\/api.w.org\/{rel}","templated":true}]}}