{"id":13810,"date":"2023-08-28T14:11:39","date_gmt":"2023-08-28T18:11:39","guid":{"rendered":"https:\/\/sochige.cl\/?p=13810"},"modified":"2023-08-28T14:11:39","modified_gmt":"2023-08-28T18:11:39","slug":"el-pueblo-de-brienz-fue-evacuado-debido-a-temores-de-un-deslizamiento-de-rocas-suiza","status":"publish","type":"post","link":"https:\/\/sochige.cl\/en\/2023\/08\/28\/el-pueblo-de-brienz-fue-evacuado-debido-a-temores-de-un-deslizamiento-de-rocas-suiza\/","title":{"rendered":"El pueblo de Brienz fue evacuado debido a temores de un deslizamiento de rocas, Suiza"},"content":{"rendered":"<p style=\"text-align: justify;\">El peque\u00f1o pueblo suizo de Brienz ha sido ordenado a evacuar debido a una inminente avalancha de rocas, lo cual se bas\u00f3 en una estimaci\u00f3n de que dos millones de metros c\u00fabicos de roca se desprender\u00edan de la monta\u00f1a sobre el pueblo.<\/p>\n<p><img loading=\"lazy\" class=\"alignleft size-full wp-image-13811\" src=\"https:\/\/sochige.cl\/wp-content\/uploads\/2023\/08\/Imagen6.png\" alt=\"\" width=\"347\" height=\"261\" srcset=\"https:\/\/sochige.cl\/wp-content\/uploads\/2023\/08\/Imagen6.png 347w, https:\/\/sochige.cl\/wp-content\/uploads\/2023\/08\/Imagen6-300x226.png 300w\" sizes=\"(max-width: 347px) 100vw, 347px\" \/><\/p>\n<p style=\"text-align: justify;\">Brienz ha sido considerado un riesgo geol\u00f3gico debido al hundimiento del terreno y a la inestabilidad de la monta\u00f1a. Aunque se ha ofrecido alojamiento temporal en pueblos vecinos, los residentes est\u00e1n preocupados por el futuro de sus hogares debido a las condiciones clim\u00e1ticas y al cambio global que podr\u00edan aumentar la frecuencia de eventos similares en las regiones alpinas de Suiza.<\/p>\n<p style=\"text-align: justify;\">Para m\u00e1s informaci\u00f3n consulte:<br \/>\n<strong><span style=\"color: #ff6600;\"><a style=\"color: #ff6600;\" href=\"https:\/\/www.bbc.com\/news\/world-europe-65533681\">Swiss village of Brienz told to flee imminent monster rockslide &#8211; BBC News<\/a><\/span><\/strong><\/p>","protected":false},"excerpt":{"rendered":"<p>El peque\u00f1o pueblo suizo de Brienz ha sido ordenado a evacuar debido a una inminente avalancha de rocas, lo cual se bas\u00f3 en una estimaci\u00f3n de que dos millones de [&hellip;]<\/p>","protected":false},"author":1,"featured_media":13811,"comment_status":"closed","ping_status":"open","sticky":false,"template":"","format":"standard","meta":{"ngg_post_thumbnail":0,"_links_to":"","_links_to_target":""},"categories":[50,46],"tags":[],"_links":{"self":[{"href":"https:\/\/sochige.cl\/en\/wp-json\/wp\/v2\/posts\/13810"}],"collection":[{"href":"https:\/\/sochige.cl\/en\/wp-json\/wp\/v2\/posts"}],"about":[{"href":"https:\/\/sochige.cl\/en\/wp-json\/wp\/v2\/types\/post"}],"author":[{"embeddable":true,"href":"https:\/\/sochige.cl\/en\/wp-json\/wp\/v2\/users\/1"}],"replies":[{"embeddable":true,"href":"https:\/\/sochige.cl\/en\/wp-json\/wp\/v2\/comments?post=13810"}],"version-history":[{"count":1,"href":"https:\/\/sochige.cl\/en\/wp-json\/wp\/v2\/posts\/13810\/revisions"}],"predecessor-version":[{"id":13812,"href":"https:\/\/sochige.cl\/en\/wp-json\/wp\/v2\/posts\/13810\/revisions\/13812"}],"wp:featuredmedia":[{"embeddable":true,"href":"https:\/\/sochige.cl\/en\/wp-json\/wp\/v2\/media\/13811"}],"wp:attachment":[{"href":"https:\/\/sochige.cl\/en\/wp-json\/wp\/v2\/media?parent=13810"}],"wp:term":[{"taxonomy":"category","embeddable":true,"href":"https:\/\/sochige.cl\/en\/wp-json\/wp\/v2\/categories?post=13810"},{"taxonomy":"post_tag","embeddable":true,"href":"https:\/\/sochige.cl\/en\/wp-json\/wp\/v2\/tags?post=13810"}],"curies":[{"name":"wp","href":"https:\/\/api.w.org\/{rel}","templated":true}]}}