{"id":14016,"date":"2023-10-13T15:46:28","date_gmt":"2023-10-13T19:46:28","guid":{"rendered":"https:\/\/sochige.cl\/?p=14016"},"modified":"2023-10-13T15:48:12","modified_gmt":"2023-10-13T19:48:12","slug":"conferencia-que-vamos-a-hacer-con-el-litio","status":"publish","type":"post","link":"https:\/\/sochige.cl\/en\/2023\/10\/13\/conferencia-que-vamos-a-hacer-con-el-litio\/","title":{"rendered":"Conferencia: \u00bfQu\u00e9 vamos a hacer con el Litio?"},"content":{"rendered":"<p>Silvana Cominetti Cotti-Cometti, Presidenta del Instituto de Ingenieros de Chile, tiene el agrado de invitar a usted a la Video Conferencia que brindar\u00e1 el Sr. Daniel Jim\u00e9nez, a celebrarse el martes 17 de octubre de 2023 a las 12.15 horas, v\u00eda Zoom REUNA<\/p>\n<p>Expone: Sr. Daniel Jim\u00e9nez,<br \/>\nIngeniero Civil, MBA.<br \/>\nDirector de IliMarkets,<br \/>\nMiembro Directorio Galan Lithium (GLN.ASX)<\/p>\n<p>Inscripciones: <a href=\"https:\/\/reuna.zoom.us\/meeting\/register\/tZEkfuyoqDMsGtCdXPoOFaOvIUQhr0kPPKER\" target=\"_blank\" rel=\"noopener\">https:\/\/reuna.zoom.us\/meeting\/register\/tZEkfuyoqDMsGtCdXPoOFaOvIUQhr0kPPKER<\/a><\/p>\n<p><img loading=\"lazy\" class=\"alignleft size-full wp-image-14020\" src=\"https:\/\/sochige.cl\/wp-content\/uploads\/2023\/10\/Invitacioin-Conferencia-Sr-imenez-Octubre.jpg\" alt=\"\" width=\"100%\" height=\"1733\" srcset=\"https:\/\/sochige.cl\/wp-content\/uploads\/2023\/10\/Invitacioin-Conferencia-Sr-imenez-Octubre.jpg 1500w, https:\/\/sochige.cl\/wp-content\/uploads\/2023\/10\/Invitacioin-Conferencia-Sr-imenez-Octubre-260x300.jpg 260w, https:\/\/sochige.cl\/wp-content\/uploads\/2023\/10\/Invitacioin-Conferencia-Sr-imenez-Octubre-886x1024.jpg 886w, https:\/\/sochige.cl\/wp-content\/uploads\/2023\/10\/Invitacioin-Conferencia-Sr-imenez-Octubre-768x887.jpg 768w, https:\/\/sochige.cl\/wp-content\/uploads\/2023\/10\/Invitacioin-Conferencia-Sr-imenez-Octubre-1329x1536.jpg 1329w\" sizes=\"(max-width: 1500px) 100vw, 1500px\" \/><\/p>","protected":false},"excerpt":{"rendered":"<p>Silvana Cominetti Cotti-Cometti, Presidenta del Instituto de Ingenieros de Chile, tiene el agrado de invitar a usted a la Video Conferencia que brindar\u00e1 el Sr. Daniel Jim\u00e9nez, a celebrarse el [&hellip;]<\/p>","protected":false},"author":1,"featured_media":14019,"comment_status":"closed","ping_status":"open","sticky":false,"template":"","format":"standard","meta":{"ngg_post_thumbnail":0,"_links_to":"","_links_to_target":""},"categories":[106],"tags":[],"_links":{"self":[{"href":"https:\/\/sochige.cl\/en\/wp-json\/wp\/v2\/posts\/14016"}],"collection":[{"href":"https:\/\/sochige.cl\/en\/wp-json\/wp\/v2\/posts"}],"about":[{"href":"https:\/\/sochige.cl\/en\/wp-json\/wp\/v2\/types\/post"}],"author":[{"embeddable":true,"href":"https:\/\/sochige.cl\/en\/wp-json\/wp\/v2\/users\/1"}],"replies":[{"embeddable":true,"href":"https:\/\/sochige.cl\/en\/wp-json\/wp\/v2\/comments?post=14016"}],"version-history":[{"count":2,"href":"https:\/\/sochige.cl\/en\/wp-json\/wp\/v2\/posts\/14016\/revisions"}],"predecessor-version":[{"id":14022,"href":"https:\/\/sochige.cl\/en\/wp-json\/wp\/v2\/posts\/14016\/revisions\/14022"}],"wp:featuredmedia":[{"embeddable":true,"href":"https:\/\/sochige.cl\/en\/wp-json\/wp\/v2\/media\/14019"}],"wp:attachment":[{"href":"https:\/\/sochige.cl\/en\/wp-json\/wp\/v2\/media?parent=14016"}],"wp:term":[{"taxonomy":"category","embeddable":true,"href":"https:\/\/sochige.cl\/en\/wp-json\/wp\/v2\/categories?post=14016"},{"taxonomy":"post_tag","embeddable":true,"href":"https:\/\/sochige.cl\/en\/wp-json\/wp\/v2\/tags?post=14016"}],"curies":[{"name":"wp","href":"https:\/\/api.w.org\/{rel}","templated":true}]}}