{"id":14091,"date":"2023-11-29T09:24:08","date_gmt":"2023-11-29T13:24:08","guid":{"rendered":"https:\/\/sochige.cl\/?p=14091"},"modified":"2023-11-29T09:33:17","modified_gmt":"2023-11-29T13:33:17","slug":"foro-inteligencia-artificial-ia-desafios-para-un-mundo-en-transformacion-politica-social-y-ambiental","status":"publish","type":"post","link":"https:\/\/sochige.cl\/en\/2023\/11\/29\/foro-inteligencia-artificial-ia-desafios-para-un-mundo-en-transformacion-politica-social-y-ambiental\/","title":{"rendered":"Foro \u00abInteligencia Artificial (IA), desaf\u00edos para un mundo en transformaci\u00f3n pol\u00edtica, social y ambiental\u00bb"},"content":{"rendered":"<p>Silvana Cominetti Cotti-Cometti, Presidenta del Instituto de Ingenieros de Chile, tiene el agrado de invitar a usted al Foro \u201cInteligencia Artificial (IA), desaf\u00edos para un mundo en transformaci\u00f3n pol\u00edtica, social y ambiental\u201d, el d\u00eda<strong> jueves 7 de diciembre de 2023 de 15:00 a 17:00 horas, v\u00eda Zoom REUNA.<\/strong><\/p>\n<p>Este Foro se realizar\u00e1 gracias a la colaboraci\u00f3n de REUNA, y para participar debe inscribirse previamente, ya que es<br \/>\nuna actividad con CUPOS LIMITADOS.<br \/>\nInscripciones: <a href=\"https:\/\/reuna.zoom.us\/meeting\/register\/tZ0ucuqrpz4oGtcYuFllEkfE-3cf4LCup6yM\" target=\"_blank\" rel=\"noopener\">https:\/\/reuna.zoom.us\/meeting\/register\/tZ0ucuqrpz4oGtcYuFllEkfE-3cf4LCup6yM<\/a><\/p>\n<p><strong><a href=\"https:\/\/sochige.cl\/wp-content\/uploads\/2023\/11\/Invitacion_Foro-IArtificial-7-de-dic-DEF.pdf\" target=\"_blank\" rel=\"noopener\">Ver afiche en PDF<\/a><\/strong><\/p>\n<p><a href=\"https:\/\/sochige.cl\/wp-content\/uploads\/2023\/11\/Invitacion_Foro-IArtificial-7-de-dic-DEF.jpg\" target=\"_blank\" rel=\"noopener\"><img loading=\"lazy\" class=\"alignleft size-full wp-image-14095\" src=\"https:\/\/sochige.cl\/wp-content\/uploads\/2023\/11\/Invitacion_Foro-IArtificial-7-de-dic-DEF.jpg\" alt=\"\" width=\"100%\" height=\"1697\" srcset=\"https:\/\/sochige.cl\/wp-content\/uploads\/2023\/11\/Invitacion_Foro-IArtificial-7-de-dic-DEF.jpg 1200w, https:\/\/sochige.cl\/wp-content\/uploads\/2023\/11\/Invitacion_Foro-IArtificial-7-de-dic-DEF-212x300.jpg 212w, https:\/\/sochige.cl\/wp-content\/uploads\/2023\/11\/Invitacion_Foro-IArtificial-7-de-dic-DEF-724x1024.jpg 724w, https:\/\/sochige.cl\/wp-content\/uploads\/2023\/11\/Invitacion_Foro-IArtificial-7-de-dic-DEF-768x1086.jpg 768w, https:\/\/sochige.cl\/wp-content\/uploads\/2023\/11\/Invitacion_Foro-IArtificial-7-de-dic-DEF-1086x1536.jpg 1086w\" sizes=\"(max-width: 1200px) 100vw, 1200px\" \/><\/a><\/p>","protected":false},"excerpt":{"rendered":"<p>Silvana Cominetti Cotti-Cometti, Presidenta del Instituto de Ingenieros de Chile, tiene el agrado de invitar a usted al Foro \u201cInteligencia Artificial (IA), desaf\u00edos para un mundo en transformaci\u00f3n pol\u00edtica, social [&hellip;]<\/p>","protected":false},"author":1,"featured_media":14100,"comment_status":"closed","ping_status":"open","sticky":false,"template":"","format":"standard","meta":{"ngg_post_thumbnail":0,"_links_to":"","_links_to_target":""},"categories":[106,49],"tags":[],"_links":{"self":[{"href":"https:\/\/sochige.cl\/en\/wp-json\/wp\/v2\/posts\/14091"}],"collection":[{"href":"https:\/\/sochige.cl\/en\/wp-json\/wp\/v2\/posts"}],"about":[{"href":"https:\/\/sochige.cl\/en\/wp-json\/wp\/v2\/types\/post"}],"author":[{"embeddable":true,"href":"https:\/\/sochige.cl\/en\/wp-json\/wp\/v2\/users\/1"}],"replies":[{"embeddable":true,"href":"https:\/\/sochige.cl\/en\/wp-json\/wp\/v2\/comments?post=14091"}],"version-history":[{"count":3,"href":"https:\/\/sochige.cl\/en\/wp-json\/wp\/v2\/posts\/14091\/revisions"}],"predecessor-version":[{"id":14102,"href":"https:\/\/sochige.cl\/en\/wp-json\/wp\/v2\/posts\/14091\/revisions\/14102"}],"wp:featuredmedia":[{"embeddable":true,"href":"https:\/\/sochige.cl\/en\/wp-json\/wp\/v2\/media\/14100"}],"wp:attachment":[{"href":"https:\/\/sochige.cl\/en\/wp-json\/wp\/v2\/media?parent=14091"}],"wp:term":[{"taxonomy":"category","embeddable":true,"href":"https:\/\/sochige.cl\/en\/wp-json\/wp\/v2\/categories?post=14091"},{"taxonomy":"post_tag","embeddable":true,"href":"https:\/\/sochige.cl\/en\/wp-json\/wp\/v2\/tags?post=14091"}],"curies":[{"name":"wp","href":"https:\/\/api.w.org\/{rel}","templated":true}]}}