{"id":14139,"date":"2024-01-16T21:32:43","date_gmt":"2024-01-17T01:32:43","guid":{"rendered":"https:\/\/sochige.cl\/?p=14139"},"modified":"2024-01-17T10:30:38","modified_gmt":"2024-01-17T14:30:38","slug":"resenas-de-pedro-ortigosa-q-e-p-d","status":"publish","type":"post","link":"https:\/\/sochige.cl\/en\/2024\/01\/16\/resenas-de-pedro-ortigosa-q-e-p-d\/","title":{"rendered":"Rese\u00f1as de Pedro Ortigosa Q.E.P.D"},"content":{"rendered":"<p style=\"text-align: justify;\"><strong><i>\u00abCon mucho pesar comunicamos que durante el mes de Enero nos ha dejado Don Pedro Ortigosa, quien no solo fue uno de los Ingenieros Geot\u00e9cnicos m\u00e1s importantes de nuestro pa\u00eds durante los \u00faltimos 40 a\u00f1os, si no que adem\u00e1s form\u00f3 a toda una generaci\u00f3n de Ingenieros, habiendo dictado innumerables cursos tanto en Universidades como en empresas, y el ministerio de Obras P\u00fablicas. A continuaci\u00f3n dejamos palabras escritas por Luis Valenzuela, Antonio Barrios, y Laurie Wesley, quienes han querido plasmar parte de sus historias y vivencias que compartieron con Don Pedro.<\/i><\/strong><\/p>\n<p style=\"text-align: justify;\">Directorio Sochige\u00bb.<\/p>\n<hr>\n<p style=\"text-align: justify;\">Tribute to Pedro Ortigosa<\/p>\n<p style=\"text-align: justify;\"><span style=\"font-weight: 400;\">I am very sorry indeed to learn that Pedro is no longer with us. He will be sorely missed and I&nbsp; extend my sincere sympathy to his family members. Pedro was very special to me because the&nbsp; first time I taught my course on residual soils at the University of Chile in 2005 Pedro was one of&nbsp; my students. He contributed much to the course because of his background as a consulting&nbsp; engineer and his command of the English language. He asked plenty of very relevant questions&nbsp; which brought \u00ablife\u00bb to the course. We became life-long friends and kept in touch whenever I&nbsp; was in Santiago. It may also be of interest to readers to know that among those who attended&nbsp; the course that year were Omar Nunez, Cesar Pasten, and Felipe Ochoa, who also became life-long friends.&nbsp; <\/span><\/p>\n<p style=\"text-align: justify;\"><span style=\"font-weight: 400;\">Laurie Wesley<\/span><\/p>\n<hr>\n<p style=\"text-align: justify;\"><b>Por un amigo y colega<\/b><b>&nbsp;<\/b><\/p>\n<p style=\"text-align: justify;\"><span style=\"font-weight: 400;\">\u00bfMito o realidad? \u00bfC\u00f3mo puedo clasificar a Don Pedro? \u00bfNecesito el sistema U.S.C.S.?&nbsp;<\/span><\/p>\n<p style=\"text-align: justify;\"><span style=\"font-weight: 400;\">Lo primero es que obligadamente debo ser formal para este apartado, aunque esto sea r\u00e1pido y&nbsp; escueto. Don Pedro Antonio Ortigosa de Pablo naci\u00f3 el 13 de junio de 1942, siendo el mayor de 5&nbsp; hermanos. Creci\u00f3 con sus padres en la ciudad de Rancagua, donde en su casa era \u201cpedriiiito\u201d, y su&nbsp; educaci\u00f3n escolar la realiz\u00f3 en el colegio Hermanos Maristas Rancagua, donde adelantaba materia&nbsp; los veranos para salir unos a\u00f1os antes que sus compa\u00f1eros. Posteriormente fue a la prestigiosa&nbsp; escuelita de ingenier\u00eda de la Universidad de Chile donde obtuvo el t\u00edtulo de Ingeniero Civil y a\u00fan m\u00e1s&nbsp; prestigioso obtuvo su magister MSc. en el c\u00e9lebre Massachusetts Institute of Technology (MIT) en&nbsp; EE.UU. Cabe indicar que su tesis del MIT se encuentra citada en el cl\u00e1sico libro de Mec\u00e1nica de Suelos&nbsp; de Lambe and Whitman que varios de nosotros estudiamos en la universidad.&nbsp;<\/span><\/p>\n<p style=\"text-align: justify;\"><span style=\"font-weight: 400;\">Volviendo a la pregunta \u00bfC\u00f3mo lo clasifico? \u00bfNecesito el sistema U.S.C.S.?&nbsp;<\/span><\/p>\n<p style=\"text-align: justify;\"><span style=\"font-weight: 400;\">\u00bfSer\u00e1 granular este ni\u00f1o? \u00bfGrava arenosa o arena gravosa? Materiales competentes con un&nbsp; comportamiento confiable y predecible. A todas luces s\u00ed. Una persona y un profesional con absoluta&nbsp; seguridad de s\u00ed mismo, con \u00e9tica personal y de trabajo, voluntad de hierro y franqueza en el trabajo&nbsp; puro y duro, donde sus clientes de peque\u00f1os a grandes estaban seguros en fundar en sus proyectos&nbsp; y sus alumnos seguros en sus ense\u00f1anzas. Siendo esta espacialidad una mezcla de constantes&nbsp; dificultades tanto por la variabilidad de las estratigraf\u00edas y par\u00e1metros del subsuelo, a muchos los&nbsp; deja ensimismados en el <\/span><i><span style=\"font-weight: 400;\">zoom in <\/span><\/i><span style=\"font-weight: 400;\">cuando se debe aplicar el <\/span><i><span style=\"font-weight: 400;\">zoom out <\/span><\/i><span style=\"font-weight: 400;\">primero; como dec\u00eda Don&nbsp; Pedro, <\/span><i><span style=\"font-weight: 400;\">hay que ver el animal en su conjunto y su entorno, y luego lo despostamos<\/span><\/i><span style=\"font-weight: 400;\">. Para problemas&nbsp; geot\u00e9cnicos complejos de abordar para un ingeniero civil, asentaba soluciones inteligentes, factibles,&nbsp; claras, seguras y de acuerdo con las mejores pr\u00e1cticas de la ingenier\u00eda.&nbsp;&nbsp;<\/span><\/p>\n<p style=\"text-align: justify;\"><span style=\"font-weight: 400;\">\u00bfSer\u00e1 clasificable como suelo fino bajo tamiz #200 ASTM? \u00bfAlg\u00fan tipo de arcilla, limo, arcillolita o&nbsp; limolita? que exhiben un comportamiento complejo, que a veces se revelan de manera sorprendente&nbsp; como los fen\u00f3menos de consolidaci\u00f3n, expansi\u00f3n o creep. Nuevamente debo decir que a todas luces&nbsp; s\u00ed. \u00bfConsolidaci\u00f3n? Claro, se consolid\u00f3 como un hombre estudioso, ingeniero, actor de cine en sus&nbsp; clases y charlas, l\u00fadico total pero nunca loco, maestro. \u00bfExpansi\u00f3n? Su arduo trabajo lo expandi\u00f3 a&nbsp; mito como profesor, mentor de tesis, contraparte de colegas, etc. siendo un hombre intenso desde&nbsp; su amado \u00e1mbito de trabajo geot\u00e9cnico a su car\u00e1cter a veces ind\u00f3mito, de ir y venir de sentimientos,&nbsp; quiz\u00e1s no todos tuvieron la fortuna de ver esto, pero cruzado ese camino exist\u00eda un mar de&nbsp; recompensas de aprendizaje personal y de geotecnia inconmensurables. \u00bfcreep? Cedencia a&nbsp; esfuerzo constante, si el esfuerzo corresponde a la entrega de buenas soluciones geot\u00e9cnicas y la&nbsp; cedencia al aumento de la deformaci\u00f3n unitaria en la calidad, claro que la experiencia y lo que los&nbsp; a\u00f1os de entrega no pasaron en vano en Don Pedro.<\/span><\/p>\n<p style=\"text-align: justify;\"><span style=\"font-weight: 400;\">Repienso en esa grava compacta y confiable, y encuentro otra derivada que corresponde a un&nbsp; ingeniero solucionando problemas de peque\u00f1a o gran envergadura, entregando con su grano de&nbsp; arena riqueza y progreso a esta naci\u00f3n (como lo hacen los buenos ingenieros) m\u00e1s all\u00e1 del justo&nbsp; cumplimiento de la profesi\u00f3n, tanto es as\u00ed que obtuvo la Condecoraci\u00f3n Presidente Balmaceda en&nbsp; grado de Gran Oficial otorgada por el Ministerio de Obras P\u00fablicas, condecoraci\u00f3n excepcional para&nbsp; un ingeniero en nuestra especialidad geot\u00e9cnica. Ac\u00e1 hay un gran desaf\u00edo para la contribuci\u00f3n de las&nbsp; nuevas generaciones de geot\u00e9cnicos.&nbsp;<\/span><\/p>\n<p style=\"text-align: justify;\"><span style=\"font-weight: 400;\">Si repens\u00e9 en la grava, lo hago ahora en el suelo fino, en su comportamiento a veces impredecible&nbsp; (dos caras de la misma moneda de suelo) y como me indic\u00f3 un buen amigo, Ing. Sr. Carlos Ovalle,&nbsp; que piensa y siente la diatomea, esta no responde a las clasificaciones y par\u00e1metros de un suelo&nbsp; t\u00edpico, es excepcional tal como era Don Pedro, el hombre, el monstruo, el al\u00eden.&nbsp;<\/span><\/p>\n<p style=\"text-align: justify;\"><span style=\"font-weight: 400;\">Si hablan de su obra, esta est\u00e1 presente en sus cursos de la Universidad de Chile, en sus cursos&nbsp; dictados al M.O.P., en sus cursos a empresas, diversos art\u00edculos de investigaci\u00f3n e informes de&nbsp; mec\u00e1nica de suelos de Petrus, empresa que fund\u00f3 por los a\u00f1os 70s, desarrollo y dio a conocer en el&nbsp; \u00e1mbito de la geotecnia. Ac\u00e1, comentarios de su socio Sr. Claudio Martinez: impresionante como&nbsp; dejaba su visi\u00f3n en gr\u00e1ficos y dibujos a escala, detallaba en breve tiempo soluciones complejas que&nbsp; tomar\u00eda una semana de trabajo llegar a ellas. Sus conversaciones en Petrus de pocos minutos&nbsp; aclaraban conceptos y direcciones de an\u00e1lisis. Al detectar incoherencias paraba y obligaba a&nbsp; averiguar e indagar m\u00e1s informaci\u00f3n, de lo contrario dec\u00eda \u201ccagamos, hasta ac\u00e1 llegamos\u201d (era su&nbsp; estrategia para desafiar y abordar el tema de manera correcta). En terreno cambiaba su car\u00e1cter&nbsp; diametralmente al de un ingeniero de oficina, se sent\u00eda plenamente realizado faenando, martillando,&nbsp; tocando, palmando y ejecutando sus pruebas de campo.&nbsp;<\/span><\/p>\n<p style=\"text-align: justify;\"><span style=\"font-weight: 400;\">Su lado l\u00fadico, su carisma compartiendo <\/span><i><span style=\"font-weight: 400;\">tragos<\/span><\/i><span style=\"font-weight: 400;\">, su humor con <\/span><i><span style=\"font-weight: 400;\">sarcasmo <\/span><\/i><span style=\"font-weight: 400;\">y car\u00e1cter intenso ha sido&nbsp; un honor compartirlos, los sigo compartiendo en mis recuerdos. Debo decir a mi colega y amigo de&nbsp; fiesta, de viaje y de conversaciones: descansa en paz en el Oc\u00e9ano Pac\u00edfico, y si me preguntas \u00bfcabro&nbsp; terminaste los informes para escribir esta \u2026. de rese\u00f1a de m\u00ed? Te puedo decir que termin\u00e9 el trabajo, as\u00ed que la puedo escribir como quiera.&nbsp;&nbsp;<\/span><\/p>\n<p style=\"text-align: justify;\"><span style=\"font-weight: 400;\">\u00bfMito o realidad?: un genio requiere 1% de talento 99% de trabajo, <\/span><i><span style=\"font-weight: 400;\">en tu caso te doy un 11% de&nbsp; inspiraci\u00f3n y un 99% de transpiraci\u00f3n, excepcional 110%. <\/span><\/i><span style=\"font-weight: 400;\">Hasta que nos veamos nuevamente profe\u2026&nbsp; dejo esta primera pregunta en suspenso \u00bfmito o realidad? No lo s\u00e9 a\u00fan.&nbsp;<\/span><\/p>\n<p style=\"text-align: justify;\"><span style=\"font-weight: 400;\">Antonio Barrios Medina.<\/span><\/p>\n<hr>\n<p>&nbsp;<\/p>\n<p style=\"text-align: justify;\"><b>PEDRO ORTIGOSA DE PABLO (1942 \u2013 2024)<\/b><b>&nbsp;<\/b><\/p>\n<p style=\"text-align: justify;\"><span style=\"font-weight: 400;\">El pasado 6 de enero falleci\u00f3 el destacado ingeniero geot\u00e9cnico Pedro Ortigosa de <\/span><span style=\"font-weight: 400;\">&nbsp;<\/span><span style=\"font-weight: 400;\">Pablo, Ingeniero Civil, Universidad de Chile generaci\u00f3n 1964. MSc. del MIT, con m\u00e1s <\/span><span style=\"font-weight: 400;\">&nbsp;<\/span><span style=\"font-weight: 400;\">de 50 a\u00f1os de actividad en las \u00e1reas de geotecnia, din\u00e1mica de suelos e ingenier\u00eda <\/span><span style=\"font-weight: 400;\">&nbsp;de fundaciones, socio y Director de SOCHIGE.&nbsp;<\/span><\/p>\n<p style=\"text-align: justify;\"><span style=\"font-weight: 400;\">Fue ingeniero de la secci\u00f3n estructuras de ENDESA, ingeniero de investigaci\u00f3n y <\/span><span style=\"font-weight: 400;\">&nbsp;<\/span><span style=\"font-weight: 400;\">director del Instituto de Investigaciones y Ensayos de Materiales (IDIEM), <\/span><span style=\"font-weight: 400;\">&nbsp;<\/span><span style=\"font-weight: 400;\">Universidad de Chile, research assistant del Department of Civil Engineering, MIT, <\/span><span style=\"font-weight: 400;\">&nbsp;<\/span><span style=\"font-weight: 400;\">Profesor titular de mec\u00e1nica de suelos e ingenier\u00eda de fundaciones, Universidad de <\/span><span style=\"font-weight: 400;\">&nbsp;Chile. Fundador de la empresa consultora Petrus.&nbsp;<\/span><\/p>\n<p style=\"text-align: justify;\"><span style=\"font-weight: 400;\">Autor y coautor de m\u00e1s de 1500 estudios geot\u00e9cnicos para obras de ingenier\u00eda civil <\/span><span style=\"font-weight: 400;\">&nbsp;en las \u00e1reas de edificaci\u00f3n, miner\u00eda, industria e infraestructura vial y portuaria,&nbsp;&nbsp;<\/span><\/p>\n<p style=\"text-align: justify;\"><span style=\"font-weight: 400;\">Autor de numerosas publicaciones relacionadas con densificaci\u00f3n de arenas por <\/span><span style=\"font-weight: 400;\">&nbsp;<\/span><span style=\"font-weight: 400;\">vibraciones, licuaci\u00f3n de suelos, micro regionalizaci\u00f3n s\u00edsmica, empujes de tierra, <\/span><span style=\"font-weight: 400;\">&nbsp;<\/span><span style=\"font-weight: 400;\">Fundaciones de grandes estructuras, entibaciones y socalzados, comportamiento <\/span><span style=\"font-weight: 400;\">&nbsp;<\/span><span style=\"font-weight: 400;\">de suelos finos bajo cargas c\u00edclicas, suelos expansivos, comportamiento est\u00e1tico y <\/span><span style=\"font-weight: 400;\">&nbsp;<\/span><span style=\"font-weight: 400;\">s\u00edsmico de suelos granulares gruesos y varios otros temas. Tuvo importante <\/span><span style=\"font-weight: 400;\">&nbsp;participaci\u00f3n en el Metro de Santiago, tren Merval y varios puertos del pa\u00eds.&nbsp;<\/span><\/p>\n<p style=\"text-align: justify;\"><span style=\"font-weight: 400;\">Pedro Ortigosa de Pablo fue uno de los m\u00e1s importantes ingenieros geot\u00e9cnicos de <\/span><span style=\"font-weight: 400;\">&nbsp;<\/span><span style=\"font-weight: 400;\">Chile en los \u00faltimos 40 a\u00f1os, profesor de varias generaciones de ingenieros y un <\/span><span style=\"font-weight: 400;\">&nbsp;<\/span><span style=\"font-weight: 400;\">activo colaborador de la difusi\u00f3n del conocimiento de la geotecnia en el pa\u00eds. Pedro <\/span><span style=\"font-weight: 400;\">&nbsp;<\/span><span style=\"font-weight: 400;\">Ortigosa De Pablo fue miembro del Comit\u00e9 Organizador de la IX Panamerican <\/span><span style=\"font-weight: 400;\">&nbsp;<\/span><span style=\"font-weight: 400;\">Conference on Soil Mechanics and Foundation Engineering realizada en Vi\u00f1a del <\/span><span style=\"font-weight: 400;\">&nbsp;Mar, Chile en mayo de 1991.&nbsp;<\/span><\/p>\n<p style=\"text-align: justify;\"><span style=\"font-weight: 400;\">Luis Valenzuela<\/span><\/p>\n<!-- default-view.php -->\n<div\n\tclass=\"ngg-galleryoverview default-view\"\n\tid=\"ngg-gallery-aed252589d55f7bf7ba0a9c0338d089d-1\">\n\n\t\t<!-- Thumbnails -->\n\t\t\t\t<div id=\"ngg-image-0\" class=\"ngg-gallery-thumbnail-box\" >\n\t\t\t\t        <div class=\"ngg-gallery-thumbnail\">\n            <a href=\"https:\/\/sochige.cl\/wp-content\/gallery\/pedro-ortigosa\/Foto-Don-Pedro-3.jpeg\"\n               title=\"\"\n               data-src=\"https:\/\/sochige.cl\/wp-content\/gallery\/pedro-ortigosa\/Foto-Don-Pedro-3.jpeg\"\n               data-thumbnail=\"https:\/\/sochige.cl\/wp-content\/gallery\/pedro-ortigosa\/thumbs\/thumbs_Foto-Don-Pedro-3.jpeg\"\n               data-image-id=\"6\"\n               data-title=\"Foto-Don-Pedro-3\"\n               data-description=\"\"\n               data-image-slug=\"foto-don-pedro-3\"\n               class=\"ngg-simplelightbox\" rel=\"aed252589d55f7bf7ba0a9c0338d089d\">\n                <img\n                    title=\"Foto-Don-Pedro-3\"\n                    alt=\"Foto-Don-Pedro-3\"\n                    src=\"https:\/\/sochige.cl\/wp-content\/gallery\/pedro-ortigosa\/thumbs\/thumbs_Foto-Don-Pedro-3.jpeg\"\n                    width=\"240\"\n                    height=\"160\"\n                    style=\"max-width:100%;\"\n                \/>\n            <\/a>\n        <\/div>\n\t\t\t\t\t\t\t<\/div> \n\t\t\t\n\t\t\t\t<div id=\"ngg-image-1\" class=\"ngg-gallery-thumbnail-box\" >\n\t\t\t\t        <div class=\"ngg-gallery-thumbnail\">\n            <a href=\"https:\/\/sochige.cl\/wp-content\/gallery\/pedro-ortigosa\/Foto-Don-Pedro-2.jpeg\"\n               title=\"\"\n               data-src=\"https:\/\/sochige.cl\/wp-content\/gallery\/pedro-ortigosa\/Foto-Don-Pedro-2.jpeg\"\n               data-thumbnail=\"https:\/\/sochige.cl\/wp-content\/gallery\/pedro-ortigosa\/thumbs\/thumbs_Foto-Don-Pedro-2.jpeg\"\n               data-image-id=\"7\"\n               data-title=\"Foto-Don-Pedro-2\"\n               data-description=\"\"\n               data-image-slug=\"foto-don-pedro-2\"\n               class=\"ngg-simplelightbox\" rel=\"aed252589d55f7bf7ba0a9c0338d089d\">\n                <img\n                    title=\"Foto-Don-Pedro-2\"\n                    alt=\"Foto-Don-Pedro-2\"\n                    src=\"https:\/\/sochige.cl\/wp-content\/gallery\/pedro-ortigosa\/thumbs\/thumbs_Foto-Don-Pedro-2.jpeg\"\n                    width=\"240\"\n                    height=\"160\"\n                    style=\"max-width:100%;\"\n                \/>\n            <\/a>\n        <\/div>\n\t\t\t\t\t\t\t<\/div> \n\t\t\t\n\t\t\t\t<div id=\"ngg-image-2\" class=\"ngg-gallery-thumbnail-box\" >\n\t\t\t\t        <div class=\"ngg-gallery-thumbnail\">\n            <a href=\"https:\/\/sochige.cl\/wp-content\/gallery\/pedro-ortigosa\/Foto-Don-Pedro-1.jpeg\"\n               title=\"\"\n               data-src=\"https:\/\/sochige.cl\/wp-content\/gallery\/pedro-ortigosa\/Foto-Don-Pedro-1.jpeg\"\n               data-thumbnail=\"https:\/\/sochige.cl\/wp-content\/gallery\/pedro-ortigosa\/thumbs\/thumbs_Foto-Don-Pedro-1.jpeg\"\n               data-image-id=\"8\"\n               data-title=\"Foto-Don-Pedro-1\"\n               data-description=\"\"\n               data-image-slug=\"foto-don-pedro-1\"\n               class=\"ngg-simplelightbox\" rel=\"aed252589d55f7bf7ba0a9c0338d089d\">\n                <img\n                    title=\"Foto-Don-Pedro-1\"\n                    alt=\"Foto-Don-Pedro-1\"\n                    src=\"https:\/\/sochige.cl\/wp-content\/gallery\/pedro-ortigosa\/thumbs\/thumbs_Foto-Don-Pedro-1.jpeg\"\n                    width=\"240\"\n                    height=\"160\"\n                    style=\"max-width:100%;\"\n                \/>\n            <\/a>\n        <\/div>\n\t\t\t\t\t\t\t<\/div> \n\t\t\t\n\t\n\t<br style=\"clear: both\" \/>\n\n\t\n\t\t<!-- Pagination -->\n\t<div class='ngg-clear'><\/div>\t<\/div>","protected":false},"excerpt":{"rendered":"<p>\u00abCon mucho pesar comunicamos que durante el mes de Enero nos ha dejado Don Pedro Ortigosa, quien no solo fue uno de los Ingenieros Geot\u00e9cnicos m\u00e1s importantes de nuestro pa\u00eds [&hellip;]<\/p>","protected":false},"author":1,"featured_media":14148,"comment_status":"closed","ping_status":"open","sticky":false,"template":"","format":"standard","meta":{"ngg_post_thumbnail":0,"_links_to":"","_links_to_target":""},"categories":[52,49,46],"tags":[],"_links":{"self":[{"href":"https:\/\/sochige.cl\/en\/wp-json\/wp\/v2\/posts\/14139"}],"collection":[{"href":"https:\/\/sochige.cl\/en\/wp-json\/wp\/v2\/posts"}],"about":[{"href":"https:\/\/sochige.cl\/en\/wp-json\/wp\/v2\/types\/post"}],"author":[{"embeddable":true,"href":"https:\/\/sochige.cl\/en\/wp-json\/wp\/v2\/users\/1"}],"replies":[{"embeddable":true,"href":"https:\/\/sochige.cl\/en\/wp-json\/wp\/v2\/comments?post=14139"}],"version-history":[{"count":4,"href":"https:\/\/sochige.cl\/en\/wp-json\/wp\/v2\/posts\/14139\/revisions"}],"predecessor-version":[{"id":14152,"href":"https:\/\/sochige.cl\/en\/wp-json\/wp\/v2\/posts\/14139\/revisions\/14152"}],"wp:featuredmedia":[{"embeddable":true,"href":"https:\/\/sochige.cl\/en\/wp-json\/wp\/v2\/media\/14148"}],"wp:attachment":[{"href":"https:\/\/sochige.cl\/en\/wp-json\/wp\/v2\/media?parent=14139"}],"wp:term":[{"taxonomy":"category","embeddable":true,"href":"https:\/\/sochige.cl\/en\/wp-json\/wp\/v2\/categories?post=14139"},{"taxonomy":"post_tag","embeddable":true,"href":"https:\/\/sochige.cl\/en\/wp-json\/wp\/v2\/tags?post=14139"}],"curies":[{"name":"wp","href":"https:\/\/api.w.org\/{rel}","templated":true}]}}