{"id":14211,"date":"2024-03-14T12:14:18","date_gmt":"2024-03-14T16:14:18","guid":{"rendered":"https:\/\/sochige.cl\/?p=14211"},"modified":"2024-03-20T17:37:02","modified_gmt":"2024-03-20T21:37:02","slug":"conferencia-prevencion-y-persecucion-efectiva-del-delito","status":"publish","type":"post","link":"https:\/\/sochige.cl\/en\/2024\/03\/14\/conferencia-prevencion-y-persecucion-efectiva-del-delito\/","title":{"rendered":"SUSPENDIDA Y REPROGRAMADA Conferencia \u00abPrevenci\u00f3n y Persecuci\u00f3n efectiva del Delito\u00bb Explorando ejemplos exitosos para la implementaci\u00f3n de estrategias de base cient\u00edfico-tecnol\u00f3gica\u201d"},"content":{"rendered":"<p><img loading=\"lazy\" class=\"alignleft size-full wp-image-14233\" src=\"https:\/\/sochige.cl\/wp-content\/uploads\/2024\/03\/img-destacada-sochige-Prevencion-y-Persecucion-efectiva-del-Delito.jpg\" alt=\"\" width=\"100%\" height=\"594\" srcset=\"https:\/\/sochige.cl\/wp-content\/uploads\/2024\/03\/img-destacada-sochige-Prevencion-y-Persecucion-efectiva-del-Delito.jpg 1009w, https:\/\/sochige.cl\/wp-content\/uploads\/2024\/03\/img-destacada-sochige-Prevencion-y-Persecucion-efectiva-del-Delito-300x177.jpg 300w, https:\/\/sochige.cl\/wp-content\/uploads\/2024\/03\/img-destacada-sochige-Prevencion-y-Persecucion-efectiva-del-Delito-768x452.jpg 768w\" sizes=\"(max-width: 1009px) 100vw, 1009px\" \/><\/p>\n<p>&nbsp;<\/p>\n<p>Estimad@s,<\/p>\n<p style=\"font-weight: 400;\">Informamos a usted que la Conferencia \u201cPREVENCI\u00d3N Y PERSECUCI\u00d3N EFECTIVA DEL DELITO\u201d, programada en el Club de la Uni\u00f3n para el d\u00eda martes 26 de marzo a las 13:00 horas, por razones de fuerza mayor ha sido&nbsp;<strong>SUSPENDIDA. Y REPROGRAMADA para el mismo d\u00eda a las 15:00 horas, v\u00eda Zoom Reuna.<br \/>\n<\/strong><strong>Se adjunta invitaci\u00f3n y link para la inscripci\u00f3n.<\/strong><\/p>\n<h5 style=\"font-weight: 400;\"><span style=\"color: #ff9900;\"><strong><a style=\"color: #ff9900;\" href=\"https:\/\/reuna.zoom.us\/meeting\/register\/tZUud-yhrDMpH9yTLCpzBkj_V2YZSGKLoU3s\" target=\"_blank\" rel=\"noopener\" data-saferedirecturl=\"https:\/\/www.google.com\/url?q=https:\/\/reuna.zoom.us\/meeting\/register\/tZUud-yhrDMpH9yTLCpzBkj_V2YZSGKLoU3s&amp;source=gmail&amp;ust=1711055793264000&amp;usg=AOvVaw2sFoFw-bwMjbgk2SjbPxrz\">https:\/\/reuna.zoom.us\/meeting\/register\/tZUud-yhrDMpH9yTLCpzBkj_V2YZSGKLoU3s<\/a><\/strong><\/span><strong><br \/>\n<\/strong><\/h5>\n<h5 style=\"font-weight: 400;\">Agradeciendo su comprensi\u00f3n<\/h5>\n<h5 style=\"font-weight: 400;\"><a href=\"https:\/\/sochige.cl\/wp-content\/uploads\/2024\/03\/Invitacion-Prevencion-y-Persecucion-Delitos.jpg\" target=\"_blank\" rel=\"noopener\"><img loading=\"lazy\" class=\"alignleft size-full wp-image-14231\" src=\"https:\/\/sochige.cl\/wp-content\/uploads\/2024\/03\/Invitacion-Prevencion-y-Persecucion-Delitos.jpg\" alt=\"\" width=\"100%\" height=\"1441\" srcset=\"https:\/\/sochige.cl\/wp-content\/uploads\/2024\/03\/Invitacion-Prevencion-y-Persecucion-Delitos.jpg 870w, https:\/\/sochige.cl\/wp-content\/uploads\/2024\/03\/Invitacion-Prevencion-y-Persecucion-Delitos-181x300.jpg 181w, https:\/\/sochige.cl\/wp-content\/uploads\/2024\/03\/Invitacion-Prevencion-y-Persecucion-Delitos-618x1024.jpg 618w, https:\/\/sochige.cl\/wp-content\/uploads\/2024\/03\/Invitacion-Prevencion-y-Persecucion-Delitos-768x1272.jpg 768w\" sizes=\"(max-width: 870px) 100vw, 870px\" \/><\/a><br \/>\n&nbsp;<br \/>\n&nbsp;<\/h5>\n<p><strong><a href=\"https:\/\/sochige.cl\/wp-content\/uploads\/2024\/03\/Invitacion-Prevencion-y-Persecucion-Delitos-DEF-2.pdf\" target=\"_blank\" rel=\"noopener\">VER AFICHE EN PDF<\/a><\/strong><\/p>","protected":false},"excerpt":{"rendered":"<p>&nbsp; Estimad@s, Informamos a usted que la Conferencia \u201cPREVENCI\u00d3N Y PERSECUCI\u00d3N EFECTIVA DEL DELITO\u201d, programada en el Club de la Uni\u00f3n para el d\u00eda martes 26 de marzo a las [&hellip;]<\/p>","protected":false},"author":1,"featured_media":14233,"comment_status":"closed","ping_status":"open","sticky":false,"template":"","format":"standard","meta":{"ngg_post_thumbnail":0,"_links_to":"","_links_to_target":""},"categories":[49],"tags":[],"_links":{"self":[{"href":"https:\/\/sochige.cl\/en\/wp-json\/wp\/v2\/posts\/14211"}],"collection":[{"href":"https:\/\/sochige.cl\/en\/wp-json\/wp\/v2\/posts"}],"about":[{"href":"https:\/\/sochige.cl\/en\/wp-json\/wp\/v2\/types\/post"}],"author":[{"embeddable":true,"href":"https:\/\/sochige.cl\/en\/wp-json\/wp\/v2\/users\/1"}],"replies":[{"embeddable":true,"href":"https:\/\/sochige.cl\/en\/wp-json\/wp\/v2\/comments?post=14211"}],"version-history":[{"count":15,"href":"https:\/\/sochige.cl\/en\/wp-json\/wp\/v2\/posts\/14211\/revisions"}],"predecessor-version":[{"id":14238,"href":"https:\/\/sochige.cl\/en\/wp-json\/wp\/v2\/posts\/14211\/revisions\/14238"}],"wp:featuredmedia":[{"embeddable":true,"href":"https:\/\/sochige.cl\/en\/wp-json\/wp\/v2\/media\/14233"}],"wp:attachment":[{"href":"https:\/\/sochige.cl\/en\/wp-json\/wp\/v2\/media?parent=14211"}],"wp:term":[{"taxonomy":"category","embeddable":true,"href":"https:\/\/sochige.cl\/en\/wp-json\/wp\/v2\/categories?post=14211"},{"taxonomy":"post_tag","embeddable":true,"href":"https:\/\/sochige.cl\/en\/wp-json\/wp\/v2\/tags?post=14211"}],"curies":[{"name":"wp","href":"https:\/\/api.w.org\/{rel}","templated":true}]}}