{"id":14415,"date":"2024-08-07T12:10:40","date_gmt":"2024-08-07T16:10:40","guid":{"rendered":"https:\/\/sochige.cl\/?p=14415"},"modified":"2024-08-07T12:37:19","modified_gmt":"2024-08-07T16:37:19","slug":"conferencia-edificios-en-dunas-el-reto-de-combinar-funcionalidad-y-sostenibilidad","status":"publish","type":"post","link":"https:\/\/sochige.cl\/en\/2024\/08\/07\/conferencia-edificios-en-dunas-el-reto-de-combinar-funcionalidad-y-sostenibilidad\/","title":{"rendered":"Conferencia: \u201cEdificios en dunas. El reto de combinar funcionalidad y sostenibilidad\u201d"},"content":{"rendered":"<p>Conversatorio &#8211; <strong>v\u00eda zoom<\/strong>&nbsp;<strong>-REUNA<\/strong>&nbsp;el d\u00eda&nbsp;mi\u00e9rcoles<strong>&nbsp;07 de agosto de 2024&nbsp;<\/strong>a las&nbsp;<strong>15:30 horas.<\/strong><\/p>\n<p>Conferencia:&nbsp;<strong>\u201cEdificios en dunas. El reto de combinar funcionalidad y sostenibilidad<\/strong><strong>\u201d<em>,<\/em><\/strong><i><strong>&nbsp;<\/strong><\/i>exponen los<strong>&nbsp;Sres. Ricardo Luna, Ram\u00f3n Verdugo y Felipe Ochoa.&nbsp;<\/strong>Comentan los<strong>&nbsp;Sres.<\/strong>:<strong>Ricardo Nicolau del Roure,&nbsp;<\/strong><strong>Basilio Esp\u00edldora y&nbsp;<\/strong><strong>Luis Ayala.<\/strong><\/p>\n<p>Link de inscripci\u00f3n:&nbsp;<strong><a href=\"https:\/\/reuna.zoom.us\/j\/86147437600?pwd=NbyKQGR3EuMnnmgp2RxTbgRbrTXIFS.1\" data-saferedirecturl=\"https:\/\/www.google.com\/url?q=https:\/\/reuna.zoom.us\/j\/86147437600?pwd%3DNbyKQGR3EuMnnmgp2RxTbgRbrTXIFS.1&amp;source=gmail&amp;ust=1723064395348000&amp;usg=AOvVaw2DAeJBscI_IBlNGkM_pd5e\">https:\/\/reuna.zoom.us\/j\/86147437600?pwd=NbyKQGR3EuMnnmgp2RxTbgRbrTXIFS.1<\/a><\/strong><\/p>\n<p>Esperando poder contar con su asistencia, le saluda muy atentamente.&nbsp;<\/p>\n<p><img loading=\"lazy\" class=\"alignleft size-full wp-image-14417\" src=\"https:\/\/sochige.cl\/wp-content\/uploads\/2024\/08\/Invitacion-Conversatorio-Conferencia-Edificios-en-dunas.jpg\" alt=\"\" width=\"100%\" height=\"1976\" srcset=\"https:\/\/sochige.cl\/wp-content\/uploads\/2024\/08\/Invitacion-Conversatorio-Conferencia-Edificios-en-dunas.jpg 1200w, https:\/\/sochige.cl\/wp-content\/uploads\/2024\/08\/Invitacion-Conversatorio-Conferencia-Edificios-en-dunas-182x300.jpg 182w, https:\/\/sochige.cl\/wp-content\/uploads\/2024\/08\/Invitacion-Conversatorio-Conferencia-Edificios-en-dunas-622x1024.jpg 622w, https:\/\/sochige.cl\/wp-content\/uploads\/2024\/08\/Invitacion-Conversatorio-Conferencia-Edificios-en-dunas-768x1265.jpg 768w, https:\/\/sochige.cl\/wp-content\/uploads\/2024\/08\/Invitacion-Conversatorio-Conferencia-Edificios-en-dunas-933x1536.jpg 933w\" sizes=\"(max-width: 1200px) 100vw, 1200px\" \/><\/p>","protected":false},"excerpt":{"rendered":"<p>Conversatorio &#8211; v\u00eda zoom&nbsp;-REUNA&nbsp;el d\u00eda&nbsp;mi\u00e9rcoles&nbsp;07 de agosto de 2024&nbsp;a las&nbsp;15:30 horas. Conferencia:&nbsp;\u201cEdificios en dunas. El reto de combinar funcionalidad y sostenibilidad\u201d,&nbsp;exponen los&nbsp;Sres. Ricardo Luna, Ram\u00f3n Verdugo y Felipe Ochoa.&nbsp;Comentan los&nbsp;Sres.:Ricardo [&hellip;]<\/p>","protected":false},"author":1,"featured_media":14418,"comment_status":"closed","ping_status":"open","sticky":false,"template":"","format":"standard","meta":{"ngg_post_thumbnail":0,"_links_to":"","_links_to_target":""},"categories":[49],"tags":[],"_links":{"self":[{"href":"https:\/\/sochige.cl\/en\/wp-json\/wp\/v2\/posts\/14415"}],"collection":[{"href":"https:\/\/sochige.cl\/en\/wp-json\/wp\/v2\/posts"}],"about":[{"href":"https:\/\/sochige.cl\/en\/wp-json\/wp\/v2\/types\/post"}],"author":[{"embeddable":true,"href":"https:\/\/sochige.cl\/en\/wp-json\/wp\/v2\/users\/1"}],"replies":[{"embeddable":true,"href":"https:\/\/sochige.cl\/en\/wp-json\/wp\/v2\/comments?post=14415"}],"version-history":[{"count":2,"href":"https:\/\/sochige.cl\/en\/wp-json\/wp\/v2\/posts\/14415\/revisions"}],"predecessor-version":[{"id":14420,"href":"https:\/\/sochige.cl\/en\/wp-json\/wp\/v2\/posts\/14415\/revisions\/14420"}],"wp:featuredmedia":[{"embeddable":true,"href":"https:\/\/sochige.cl\/en\/wp-json\/wp\/v2\/media\/14418"}],"wp:attachment":[{"href":"https:\/\/sochige.cl\/en\/wp-json\/wp\/v2\/media?parent=14415"}],"wp:term":[{"taxonomy":"category","embeddable":true,"href":"https:\/\/sochige.cl\/en\/wp-json\/wp\/v2\/categories?post=14415"},{"taxonomy":"post_tag","embeddable":true,"href":"https:\/\/sochige.cl\/en\/wp-json\/wp\/v2\/tags?post=14415"}],"curies":[{"name":"wp","href":"https:\/\/api.w.org\/{rel}","templated":true}]}}