{"id":14468,"date":"2024-08-21T15:11:55","date_gmt":"2024-08-21T19:11:55","guid":{"rendered":"https:\/\/sochige.cl\/?p=14468"},"modified":"2024-08-21T16:03:33","modified_gmt":"2024-08-21T20:03:33","slug":"desafios-geotecnicos-en-comodoro-rivadavia-lecciones-del-cerro-chenque","status":"publish","type":"post","link":"https:\/\/sochige.cl\/en\/2024\/08\/21\/desafios-geotecnicos-en-comodoro-rivadavia-lecciones-del-cerro-chenque\/","title":{"rendered":"Desaf\u00edos Geot\u00e9cnicos en Comodoro Rivadavia: Lecciones del Cerro Chenque"},"content":{"rendered":"<p><b>Ruta Nacional N\u00b03, sector cerro Chenque, Comodoro Rivadavia, el paso del tiempo, la ocurrencia de inestabilidades y el origen de estas<\/b><\/p>\n<p><b>INTRODUCCI\u00d3N<\/b><\/p>\n<p style=\"text-align: justify;\"><span style=\"font-weight: 400;\">La ruta nacional N\u00b03 (RN\u00b03) con una extensi\u00f3n total de 3079 km, atraviesa la ciudad de Comodoro Rivadavia entre los kil\u00f3metros 1746 y 1803. Pertenece a la red nacional vial (Ministerio de Obras P\u00fablicas, 2022) que en el caso de esta ruta en particular une las ciudades de CABA (partiendo desde el Obelisco) y Ushuaia. Es la segunda del pa\u00eds en orden de longitud despu\u00e9s de la RN\u00b040. En un peque\u00f1o sector de su traza correspondiente a la zona de la ciudad de Comodoro Rivadavia, la ruta se encuentra confinada entre el cerro Chenque y el Mar Argentino, zona a la que haremos referencia en este art\u00edculo.&nbsp;<\/span><\/p>\n<p style=\"text-align: justify;\"><span style=\"font-weight: 400;\">Actualmente ese tramo de la RN\u00b03 es paso obligado de 55000 veh\u00edculos\/d\u00eda con picos de 70000 veh\u00edculos\/d\u00eda incluyendo un porcentaje importante de camiones. Cuenta con dos carriles en cada sentido de circulaci\u00f3n, siendo en sus comienzos un camino cuasi rural que vinculaba la zona portuaria de la ciudad con los campamentos petroleros situados al norte. El 5 de octubre del a\u00f1o 1932, con la creaci\u00f3n de Vialidad Nacional, comenz\u00f3 poco a poco la pavimentaci\u00f3n de algunos tramos de rutas nacionales, pero reci\u00e9n en el a\u00f1o 1942, en la provincia de Buenos Aires (Ministerio de Obras P\u00fablicas, 2022), fue pavimentado el primer tramo de la RN\u00b03.&nbsp;<\/span><\/p>\n<p style=\"text-align: justify;\"><span style=\"font-weight: 400;\">El cerro Chenque, un accidente geogr\u00e1fico emblem\u00e1tico de la ciudad de Comodoro Rivadavia (Figuras 1 y 2 tomadas entre 1920 y 1930 donde pueden observarse tanto la RN\u00b03 como la ciudad), es de origen marino. Est\u00e1 formado por secuencias de areniscas, limolitas y lutitas, algunas de ellas fuertemente fisuradas con gran cantidad de concreciones minerales y otras con muy alto potencial de expansi\u00f3n (Orlandi et al., 2022).&nbsp;<\/span><\/p>\n<p style=\"text-align: justify;\"><span style=\"font-weight: 400;\">Desde la creaci\u00f3n de la ciudad (1901), este cerro ha presentado diferentes tipos de inestabilidades. Cada nuevo evento tuvo como consecuencia la interrupci\u00f3n del tr\u00e1nsito vehicular provocando un gran caos en la vida cotidiana de la comunidad. En particular, varios hechos de singular importancia ocurridos los d\u00edas 12 de febrero de 1995 (Figura 3), 8 de abril de 2017 (Figura 4), 21 de septiembre de 2022 (Figura 5), y 30 de septiembre 2023 (Figura 6) provocaron la interrupci\u00f3n del tr\u00e1nsito por per\u00edodos prolongados.&nbsp;<\/span><\/p>\n<p><img loading=\"lazy\" class=\"wp-image-14472 aligncenter\" src=\"https:\/\/sochige.cl\/wp-content\/uploads\/2024\/08\/0.png\" alt=\"\" width=\"1340\" height=\"831\" srcset=\"https:\/\/sochige.cl\/wp-content\/uploads\/2024\/08\/0.png 650w, https:\/\/sochige.cl\/wp-content\/uploads\/2024\/08\/0-300x186.png 300w\" sizes=\"(max-width: 1340px) 100vw, 1340px\" \/><\/p>\n<p style=\"text-align: center;\"><b>Figura 1<\/b><span style=\"font-weight: 400;\">. Cerro Chenque, RN\u00b03 y antiguo cementerio de Comodoro Rivadavia (d\u00e9cada del \u201940, postal propiedad de los autores)<\/span><\/p>\n<p><b>INTERPRETACI\u00d3N DE LAS FALLAS EN GENERAL Y EN PARTICULAR<\/b><\/p>\n<p style=\"text-align: justify;\"><span style=\"font-weight: 400;\">Todos los eventos han ocurrido desde el a\u00f1o 1995 mismos que condujeron a la interrupci\u00f3n del tr\u00e1nsito en la RN\u00b03. El estudio de cada uno de ellos involucr\u00f3 perforaciones con toma de muestras alteradas e inalteradas, medici\u00f3n del nivel fre\u00e1tico, delimitaci\u00f3n de superficie de deslizamiento, estudios de fen\u00f3menos naturales y evaluaci\u00f3n de su recurrencia. Con esta informaci\u00f3n fue posible no solo entender el origen de cada falla sino generar tanto posibles soluciones como predecir el comportamiento futuro.&nbsp;<\/span><\/p>\n<p style=\"text-align: justify;\"><span style=\"font-weight: 400;\">El primer deslizamiento ocurrido el 20 de febrero de 1995, involucr\u00f3 un volumen estimado de 100.000 m<\/span><span style=\"font-weight: 400;\">3<\/span><span style=\"font-weight: 400;\"> (Figura 3). La reconstrucci\u00f3n del tramo de ruta involucrado se logr\u00f3 luego de seis meses. Incluy\u00f3 la protecci\u00f3n costera del sector afectado.&nbsp;<\/span><\/p>\n<p style=\"text-align: justify;\"><span style=\"font-weight: 400;\">El segundo evento consisti\u00f3 en el flujo de sedimentos, ocurrido el 30 de marzo 2017 (Figura 4). Afect\u00f3 un carril de la RN\u00b03 y la calle Sarmiento que colinda con el Cerro Chenque en su flanco sur. La circulaci\u00f3n vehicular fue interrumpida parcialmente, y restituida casi de forma inmediata.&nbsp;<\/span><\/p>\n<p style=\"text-align: justify;\"><span style=\"font-weight: 400;\">El tercer evento consisti\u00f3 en el desprendimiento de bloques de roca uno de ellos de gran tama\u00f1o el cual impact\u00f3 directamente sobre la RN\u00b03 (Figura 5). Ante la peligrosidad generada por la posibilidad de nuevos desprendimientos el tr\u00e1nsito fue interrumpido por varias semanas mientras se materializ\u00f3 una pantalla de contingencia. Este desprendimiento ocurri\u00f3 el 21 de septiembre 2022. En forma posterior a la construcci\u00f3n de la pantalla de contenci\u00f3n se realiz\u00f3 la voladura controlada de una zona inestable de gran magnitud ubicada en la misma zona de la cual se hab\u00eda producido el primer desprendimiento.<\/span><span style=\"font-weight: 400;\">&nbsp;<\/span><\/p>\n<p style=\"text-align: justify;\"><span style=\"font-weight: 400;\">El cuarto y m\u00e1s reciente evento fue un nuevo deslizamiento en la misma zona donde ocurri\u00f3 el primer deslizamiento del a\u00f1o 1995, en esta caso b\u00e1sicamente se reactiv\u00f3 el deslizamiento original (Figura 6). El movimiento se desarroll\u00f3 durante varios d\u00edas comenzando el 30 de agosto de 2023. Al detenerse el movimiento se iniciaron las tareas de remediaci\u00f3n las cuales duraron 2 meses.<\/span><\/p>\n<p style=\"text-align: justify;\"><span style=\"font-weight: 400;\">Todos los hechos que causaron la interrupci\u00f3n de la circulaci\u00f3n vehicular a trav\u00e9s de la RN\u00ba3 fueron provocados y desencadenados por fen\u00f3menos naturales extraordinarios, ya sean precipitaciones, sequ\u00edas prolongadas, marejadas y\/o per\u00edodos de sequ\u00eda acompa\u00f1ados de altas temperaturas. Cabe mencionar, que en algunos casos tambi\u00e9n coincidieron con la realizaci\u00f3n de obras civiles que modificaron las condiciones de equilibrio naturales del sistema.<\/span><\/p>\n<p><img loading=\"lazy\" class=\"wp-image-14475 aligncenter\" src=\"https:\/\/sochige.cl\/wp-content\/uploads\/2024\/08\/1-rotated.jpg\" alt=\"\" width=\"1085\" height=\"686\" srcset=\"https:\/\/sochige.cl\/wp-content\/uploads\/2024\/08\/1-rotated.jpg 952w, https:\/\/sochige.cl\/wp-content\/uploads\/2024\/08\/1-300x190.jpg 300w, https:\/\/sochige.cl\/wp-content\/uploads\/2024\/08\/1-768x486.jpg 768w\" sizes=\"(max-width: 1085px) 100vw, 1085px\" \/><\/p>\n<p>&nbsp;<\/p>\n<p style=\"text-align: center;\"><b>Figura 2<\/b><span style=\"font-weight: 400;\">. Cerro Chenque desde otro \u00e1ngulo y vista parcial de la ciudad de Comodoro Rivadavia (d\u00e9cada del \u201920, postal propiedad de los autores)<\/span><\/p>\n<p><img loading=\"lazy\" class=\"size-full wp-image-14476 aligncenter\" src=\"https:\/\/sochige.cl\/wp-content\/uploads\/2024\/08\/2.png\" alt=\"\" width=\"1223\" height=\"794\" srcset=\"https:\/\/sochige.cl\/wp-content\/uploads\/2024\/08\/2.png 1223w, https:\/\/sochige.cl\/wp-content\/uploads\/2024\/08\/2-300x195.png 300w, https:\/\/sochige.cl\/wp-content\/uploads\/2024\/08\/2-1024x665.png 1024w, https:\/\/sochige.cl\/wp-content\/uploads\/2024\/08\/2-768x499.png 768w\" sizes=\"(max-width: 1223px) 100vw, 1223px\" \/><\/p>\n<p style=\"text-align: center;\"><b>Figura 3:<\/b><span style=\"font-weight: 400;\"> Deslizamiento ocurrido el 12 de febrero de 1995 (El Patag\u00f3nico, 2015)&nbsp;<\/span><\/p>\n<p><img loading=\"lazy\" class=\"size-full wp-image-14477 aligncenter\" src=\"https:\/\/sochige.cl\/wp-content\/uploads\/2024\/08\/3.png\" alt=\"\" width=\"1916\" height=\"851\" srcset=\"https:\/\/sochige.cl\/wp-content\/uploads\/2024\/08\/3.png 1916w, https:\/\/sochige.cl\/wp-content\/uploads\/2024\/08\/3-300x133.png 300w, https:\/\/sochige.cl\/wp-content\/uploads\/2024\/08\/3-1024x455.png 1024w, https:\/\/sochige.cl\/wp-content\/uploads\/2024\/08\/3-768x341.png 768w, https:\/\/sochige.cl\/wp-content\/uploads\/2024\/08\/3-1536x682.png 1536w\" sizes=\"(max-width: 1916px) 100vw, 1916px\" \/><\/p>\n<p style=\"text-align: center;\"><b>Figura 4<\/b><span style=\"font-weight: 400;\">: Proceso erosivo, flujo de sedimentos y sectores parciales de estratos metaestables a gran altura durante un per\u00edodo de precipitaciones extraordinarias (30 de marzo 2017) (La Voz, 2017)<\/span><span style=\"font-weight: 400;\">&nbsp;<\/span><\/p>\n<p><img loading=\"lazy\" class=\"wp-image-14478 aligncenter\" src=\"https:\/\/sochige.cl\/wp-content\/uploads\/2024\/08\/4.png\" alt=\"\" width=\"1116\" height=\"702\" srcset=\"https:\/\/sochige.cl\/wp-content\/uploads\/2024\/08\/4.png 1024w, https:\/\/sochige.cl\/wp-content\/uploads\/2024\/08\/4-300x189.png 300w, https:\/\/sochige.cl\/wp-content\/uploads\/2024\/08\/4-768x483.png 768w, https:\/\/sochige.cl\/wp-content\/uploads\/2024\/08\/4-320x200.png 320w\" sizes=\"(max-width: 1116px) 100vw, 1116px\" \/><\/p>\n<p style=\"text-align: center;\"><b>Figura 5<\/b><span style=\"font-weight: 400;\">. Desprendimiento de masas rocosas 21 de septiembre 2022 (El extremo sur, 2022)<\/span><\/p>\n<p><img loading=\"lazy\" class=\"wp-image-14479 aligncenter\" src=\"https:\/\/sochige.cl\/wp-content\/uploads\/2024\/08\/5.png\" alt=\"\" width=\"1137\" height=\"638\" srcset=\"https:\/\/sochige.cl\/wp-content\/uploads\/2024\/08\/5.png 658w, https:\/\/sochige.cl\/wp-content\/uploads\/2024\/08\/5-300x168.png 300w\" sizes=\"(max-width: 1137px) 100vw, 1137px\" \/><\/p>\n<p style=\"text-align: center;\"><b>Figura 6:<\/b><span style=\"font-weight: 400;\"> deslizamiento ocurrido el 30 de agosto de 2023 (La Naci\u00f3n, 2023)<\/span><\/p>\n<p style=\"text-align: justify;\"><span style=\"font-weight: 400;\">Algunos de los factores que han afectado y contin\u00faan afectando el comportamiento de los taludes del cerro incluyen: obras que modifican el estado de tensiones en grandes masas rocosas, problemas asociados al origen de las rocas y\/o suelos involucrados en la cimentaci\u00f3n, agentes atmosf\u00e9ricos que var\u00edan constantemente consecuencia del cambio clim\u00e1tico, interferencia de las obras civiles nuevas sobre las obras civiles existentes, alteraci\u00f3n de la vegetaci\u00f3n y\/o desforestaci\u00f3n. Todos estos factores conducen a un equilibrio fr\u00e1gil, el cual al no ser analizado en su totalidad, monitoreado y reevaluado a lo largo del tiempo, suele resultar en patolog\u00edas de dif\u00edcil interpretaci\u00f3n. Ahora bien, el interrogante que surge naturalmente es: \u00bfpodr\u00edan predecirse estos deslizamientos, inestabilidades, desprendimientos y flujos de barro? La consecuente respuesta es positiva, pero adem\u00e1s de ser positiva debe decirse que es necesario predecirlo. Pero si es necesario destacar que no podr\u00eda determinarse el \u201ccu\u00e1ndo\u201d con exactitud. Podr\u00edan realizarse estimaciones, pero dada la variabilidad de los par\u00e1metros del suelo y la relaci\u00f3n de dependencia de muchos factores externos no controlables y asociados a fen\u00f3menos clim\u00e1ticos, resulta mucho m\u00e1s acertado realizar un monitoreo sostenido en el tiempo y un dise\u00f1o de sistemas de protecci\u00f3n y alerta adecuados.<\/span><\/p>\n<p style=\"text-align: justify;\"><span style=\"font-weight: 400;\">Debemos recordar que todas las obras construidas se encuentran dentro de un medioambiente regulado por fen\u00f3menos clim\u00e1ticos, dise\u00f1adas para vidas \u00fatiles inferiores a la vida \u00fatil durante la cual realmente permanecen en servicio. Mientras tanto, al transcurrir esta vida \u00fatil, se introducen modificaciones en el medio en el que se encuentran inmersas, afectando los suelos y las rocas, que en su mayor\u00eda se encuentran en condiciones no saturadas. No se debe olvidar que en muchos de los c\u00e1lculos y dise\u00f1os que realizamos se emplean teor\u00edas desarrolladas para la mec\u00e1nica de suelos saturados. Todo esto rodea de incertidumbre a nuestras obras, que indefectiblemente, deber\u00eda conducirnos al monitoreo y materializaci\u00f3n de obras protecci\u00f3n. Ambos, al igual que el concepto generalizado que acompa\u00f1a a los estudios geot\u00e9cnicos, son gastos que dif\u00edcilmente son considerados necesarios por los comitentes.<\/span><\/p>\n<p style=\"text-align: justify;\"><span style=\"font-weight: 400;\">Relacionando todos los factores anteriormente expuestos y en referencia a los sucesivos eventos ocurridos en los \u00faltimos 26 a\u00f1os en la ladera Este del cerro Chenque, es posible interpretarlos considerando su acci\u00f3n conjunta. Entre los factores externos, se incluyen para el an\u00e1lisis tanto los fen\u00f3menos naturales como los factores humanos. Los fen\u00f3menos naturales actuaron de activadores de procesos en marcha, los cuales dada la naturaleza sedimentaria y el origen de las formaciones presentes era esperable que ocurriesen.&nbsp;<\/span><\/p>\n<p style=\"text-align: justify;\"><span style=\"font-weight: 400;\">Dentro de los factores intr\u00ednsecos de los materiales, mencionamos con anterioridad que la secuencia estratigr\u00e1fica corresponde a areniscas, limolitas y arcilitas muy fisuradas con cementantes solubles en agua, un porcentaje alto de mineral arcilloso con muy alto potencial de expansi\u00f3n, l\u00edmites l\u00edquidos por encima de 65% y de hasta 170% (Orlandi &amp; Manzanal, 2019). Estos estratos retienen el agua en las fisuras lo que les permite desarrollar una expansi\u00f3n que se desarrolla en forma lenta y sostenida. Poseen muy altas presiones de hinchamiento, por lo cual se generan a lo largo de los a\u00f1os profundas grietas de tracci\u00f3n en las crestas de los taludes. Los tres estad\u00edos que se desarrollan durante el hinchamiento de este tipo de arcillas (expansi\u00f3n inicial explosiva, primaria y secundaria) requieren de hasta 28 d\u00edas para su total desarrollo. Esto, acompa\u00f1ado de los largos per\u00edodos secos caracter\u00edsticos de la regi\u00f3n de la costa atl\u00e1ntica patag\u00f3nica, conduce a los peores resultados: bloques inestables delimitados por profundas grietas de tracci\u00f3n, seguidos de grandes precipitaciones en cortos per\u00edodos, erosionados por fuertes y constantes vientos. Estas masas con diferentes grados de saturaci\u00f3n, fuertes valores de succi\u00f3n total y matricial, e incremento en el peso, se tornan inestables con el paso del tiempo.<\/span><\/p>\n<p style=\"text-align: justify;\"><span style=\"font-weight: 400;\">Otro de los fen\u00f3menos que facilitan la movilizaci\u00f3n de grandes masas es la secuencia de estratos con diferentes cementantes, con mayor o menor resistencia, m\u00e1s o menos erosionables, con diferentes gradientes hidr\u00e1ulicos que ante la acci\u00f3n de agentes erosivos pierden estabilidad o quedan en equilibrios metaestables (Figura 4). Por \u00faltimo, dentro de los agentes externos naturales se debe considerar el factor costero. En \u00e9ste, la acci\u00f3n del oleaje en el pie del talud act\u00faa desestabilizando masas no solo f\u00edsica sino hidr\u00e1ulicamente, producto del aumento de la humedad en estratos con mayor conductividad hidr\u00e1ulica sobre los cuales descansan estratos menos permeables suprayacentes. Particularmente, sobre un estrato de poca potencia (entre 10 a 20cm) se produjeron los deslizamientos de los a\u00f1os 1995 y 2023.<\/span><\/p>\n<p><img loading=\"lazy\" class=\"size-full wp-image-14485 aligncenter\" src=\"https:\/\/sochige.cl\/wp-content\/uploads\/2024\/08\/6.png\" alt=\"\" width=\"830\" height=\"407\" srcset=\"https:\/\/sochige.cl\/wp-content\/uploads\/2024\/08\/6.png 830w, https:\/\/sochige.cl\/wp-content\/uploads\/2024\/08\/6-300x147.png 300w, https:\/\/sochige.cl\/wp-content\/uploads\/2024\/08\/6-768x377.png 768w\" sizes=\"(max-width: 830px) 100vw, 830px\" \/><\/p>\n<p style=\"text-align: center;\"><b>Figura 7<\/b><span style=\"font-weight: 400;\">: Puerto Antonio Mor\u00e1n a\u00f1o 1950 (Williams, 20004)<\/span><\/p>\n<p><img loading=\"lazy\" class=\"size-full wp-image-14486 aligncenter\" src=\"https:\/\/sochige.cl\/wp-content\/uploads\/2024\/08\/7.png\" alt=\"\" width=\"781\" height=\"386\" srcset=\"https:\/\/sochige.cl\/wp-content\/uploads\/2024\/08\/7.png 781w, https:\/\/sochige.cl\/wp-content\/uploads\/2024\/08\/7-300x148.png 300w, https:\/\/sochige.cl\/wp-content\/uploads\/2024\/08\/7-768x380.png 768w\" sizes=\"(max-width: 781px) 100vw, 781px\" \/><\/p>\n<p style=\"text-align: center;\"><b>Figura 8<\/b><span style=\"font-weight: 400;\">: Puerto Antonio Mor\u00e1n a\u00f1o 2017 (www.wikipedia.com)<\/span><\/p>\n<p><img loading=\"lazy\" class=\"size-full wp-image-14487 aligncenter\" src=\"https:\/\/sochige.cl\/wp-content\/uploads\/2024\/08\/8.png\" alt=\"\" width=\"778\" height=\"413\" srcset=\"https:\/\/sochige.cl\/wp-content\/uploads\/2024\/08\/8.png 778w, https:\/\/sochige.cl\/wp-content\/uploads\/2024\/08\/8-300x159.png 300w, https:\/\/sochige.cl\/wp-content\/uploads\/2024\/08\/8-768x408.png 768w\" sizes=\"(max-width: 778px) 100vw, 778px\" \/><\/p>\n<p style=\"text-align: center;\"><b>Figura 9<\/b><span style=\"font-weight: 400;\">: Imagen global donde se observan el puerto, el cerro Chenque y la incidencia del tren de olas (<\/span><a href=\"http:\/\/www.revistapuerto.com.ar\"><span style=\"font-weight: 400;\">www.revistapuerto.com.ar<\/span><\/a><span style=\"font-weight: 400;\">)<\/span><span style=\"font-weight: 400;\">&nbsp;<\/span><\/p>\n<p><span style=\"font-weight: 400;\">En cuanto a los factores externos que afectaron e inestabilizaron las grandes masas del Cerro Chenque se encuentran: la prolongaci\u00f3n de la obra de abrigo en el a\u00f1o 1995 (Figura 7, a\u00f1o 1950, Figura 8, a\u00f1o 2017, Figura 9, a\u00f1o 2022) y la protecci\u00f3n costera realizada luego del deslizamiento del a\u00f1o 1995 (Figuras 10 y 11).&nbsp;<\/span><\/p>\n<p><img loading=\"lazy\" class=\"wp-image-14498 aligncenter\" src=\"https:\/\/sochige.cl\/wp-content\/uploads\/2024\/08\/5775.png\" alt=\"\" width=\"1002\" height=\"669\" srcset=\"https:\/\/sochige.cl\/wp-content\/uploads\/2024\/08\/5775.png 830w, https:\/\/sochige.cl\/wp-content\/uploads\/2024\/08\/5775-300x200.png 300w, https:\/\/sochige.cl\/wp-content\/uploads\/2024\/08\/5775-768x513.png 768w, https:\/\/sochige.cl\/wp-content\/uploads\/2024\/08\/5775-390x260.png 390w, https:\/\/sochige.cl\/wp-content\/uploads\/2024\/08\/5775-285x190.png 285w\" sizes=\"(max-width: 1002px) 100vw, 1002px\" \/><\/p>\n<p style=\"text-align: center;\"><b>Figuras 10 y 11<\/b><span style=\"font-weight: 400;\">. Vistas a\u00e9reas de la zona antes y despu\u00e9s del deslizamiento. Se observar la coincidencia entre la rotura y el final de la zona de protecci\u00f3n del pie del talud (www.comodoro.gov.ar)<\/span><\/p>\n<p style=\"text-align: justify;\"><span style=\"font-weight: 400;\">Para avanzar en el estudio de las patolog\u00edas presentadas recordemos que la traza de la RN\u00b03 data del per\u00edodo entre 1910 y 1920. \u00c9sta fue pavimentada muchos a\u00f1os despu\u00e9s, probablemente sin el apoyo de los estudios de impacto ambiental, durabilidad o vida \u00fatil programada. Podemos decir que, en la actualizad, el tr\u00e1nsito supera ampliamente cualquier c\u00e1lculo o dise\u00f1o vial, y que perdurar\u00e1 tanto como las consecuentes inestabilidades que ocurren sistem\u00e1ticamente lo permitan. Sin perder de vista esto, podemos analizar el impacto producido por las intervenciones que ocurrieron en forma posterior a su construcci\u00f3n.&nbsp;<\/span><\/p>\n<p style=\"text-align: justify;\"><span style=\"font-weight: 400;\">La alteraci\u00f3n de la geometr\u00eda del puerto modific\u00f3 las zonas de deposici\u00f3n, erosi\u00f3n y abrigo, siendo la \u00fanica zona considerada para el dise\u00f1o, la correspondiente a la obra de abrigo. Un sector del talud costero ubicado ligeramente hacia el Norte (Figura 13) sufre desde el a\u00f1o 1997 grandes desprendimientos y retroceso de la l\u00ednea de costa. En cuanto a la protecci\u00f3n costera realizada de forma posterior al deslizamiento del a\u00f1o 1995 (im\u00e1genes 10 y 11) se observa que result\u00f3 insuficiente. El deslizamiento se produjo en el mismo sector anteriormente movilizado, aunque a las razones del deslizamiento se les sum\u00f3 el efecto de mareas consecutivas con olas de 4 m con una recurrencia estimada de 5 a\u00f1os. Estas olas que incidieron en forma perpendicular a la costa sobrepasaron la altura del enrocado provocando la socavaci\u00f3n del material tanto del trasd\u00f3s como del extremo norte. Las lluvias excesivas producidas la semana previa, se combinaron con el efecto del oleaje provocando la desestabilizaci\u00f3n del 30 de agosto de 2023.&nbsp;<\/span><\/p>\n<p><img loading=\"lazy\" class=\"size-full wp-image-14495 aligncenter\" src=\"https:\/\/sochige.cl\/wp-content\/uploads\/2024\/08\/11.png\" alt=\"\" width=\"980\" height=\"736\" srcset=\"https:\/\/sochige.cl\/wp-content\/uploads\/2024\/08\/11.png 980w, https:\/\/sochige.cl\/wp-content\/uploads\/2024\/08\/11-300x225.png 300w, https:\/\/sochige.cl\/wp-content\/uploads\/2024\/08\/11-768x577.png 768w\" sizes=\"(max-width: 980px) 100vw, 980px\" \/><\/p>\n<p style=\"text-align: center;\"><b>Figura 12<\/b><span style=\"font-weight: 400;\">: Imagen satelital de Google donde se observan las zonas de abrigo, dep\u00f3sito y erosi\u00f3n generadas por el puerto (www.google.com), tambi\u00e9n la zona de rotura de las olas.&nbsp;<\/span><\/p>\n<p><img loading=\"lazy\" class=\"size-full wp-image-14496 aligncenter\" src=\"https:\/\/sochige.cl\/wp-content\/uploads\/2024\/08\/12.png\" alt=\"\" width=\"1875\" height=\"2500\" srcset=\"https:\/\/sochige.cl\/wp-content\/uploads\/2024\/08\/12.png 1875w, https:\/\/sochige.cl\/wp-content\/uploads\/2024\/08\/12-225x300.png 225w, https:\/\/sochige.cl\/wp-content\/uploads\/2024\/08\/12-768x1024.png 768w, https:\/\/sochige.cl\/wp-content\/uploads\/2024\/08\/12-1152x1536.png 1152w, https:\/\/sochige.cl\/wp-content\/uploads\/2024\/08\/12-1536x2048.png 1536w\" sizes=\"(max-width: 1875px) 100vw, 1875px\" \/><\/p>\n<p style=\"text-align: center;\"><b>Figura 13<\/b><span style=\"font-weight: 400;\">. Talud costero ubicado 400m al norte del talud correspondiente al cerro Chenque, al pie del talud se observa el material desprendido antes de que la siguiente marea lo arrastre.&nbsp;<\/span><\/p>\n<p><span style=\"font-weight: 400;\">Por \u00faltimo, el fen\u00f3meno analizado es el que correspondi\u00f3 al desprendimiento de una gran masa rocosa el 21 de septiembre del 2022. Este fen\u00f3meno no dependi\u00f3 en ninguna medida de la incidencia de obras civiles nuevas, pero s\u00ed de fen\u00f3menos naturales extraordinarios combinados. Precipitaciones de gran magnitud en este tipo de macizos rocosos sedimentarios de origen marino, compuestos por secuencias de estratos erosionables, expansivos, con cementantes solubles en agua, son los mecanismos desencadenantes naturales por excelencia. En casos como los de este tipo, el monitoreo y la protecci\u00f3n de los bloques ante posibles ca\u00eddas resulta fundamental para evitar accidentes e interrupci\u00f3n del tr\u00e1nsito.&nbsp;<\/span><\/p>\n<p style=\"text-align: justify;\"><b>CONCLUSIONES<\/b><\/p>\n<p style=\"text-align: justify;\"><span style=\"font-weight: 400;\">Se analizaron cuatro eventos producidos en el cerro Chenque los cuales tuvieron como consecuencia la interrupci\u00f3n de la circulaci\u00f3n con el consecuente impacto en el tr\u00e1nsito vehicular. Uno de los eventos se produjo por la incidencia de nuevas obras civiles, aunque todos los estudiados tambi\u00e9n sucedieron como consecuencia de fen\u00f3menos naturales. Todos pudieron predecirse si el monitoreo hubiese sido implementado, pero m\u00e1s importante a\u00fan, dos de ellos podr\u00edan haber sido prevenidos.&nbsp;<\/span><\/p>\n<p style=\"text-align: justify;\"><span style=\"font-weight: 400;\">La visi\u00f3n integral de las obras civiles de gran envergadura, considerando el hecho de que los fen\u00f3menos naturales son muchas veces un factor desestabilizador en constante cambio m\u00e1s all\u00e1 de la vida \u00fatil de la obra, deber\u00edan incluir el monitoreo como elemento obligatorio. Tal es el caso de las obras como presas y embalses, las cuales poseen este tipo de controles. En contraposici\u00f3n, las obras viales, en general, no cumplen con estos est\u00e1ndares, y mucho menos lo hacen en Argentina.&nbsp;<\/span><\/p>\n<p style=\"text-align: justify;\"><span style=\"font-weight: 400;\">Es as\u00ed como el estudio integral de una obra, el monitoreo y el seguimiento de su evoluci\u00f3n, resultan fundamentales no solo durante toda su vida \u00fatil sino m\u00e1s all\u00e1 de ella. Todo esto se debe a que la vida \u00fatil de las obras, la cual se encuentra asociada al mejor conocimiento del comportamiento y durabilidad de los materiales, se ha visto extendida paulatinamente con el tiempo.&nbsp;<\/span><\/p>\n<p><b>REFERENCIAS BIBLIOGR\u00c1FICAS<\/b><\/p>\n<ul>\n<li style=\"font-weight: 400; text-align: justify;\" aria-level=\"1\"><span style=\"font-weight: 400;\">Ministerio de Obras P\u00fablicas (2022, October 4). Vialidad Nacional cumple 90 a\u00f1os realizando obras clave para el desarrollo de un pa\u00eds m\u00e1s inclusivo y federal. Www.Argentina.gob.ar. Retrieved October 27, 2023, from <\/span><a href=\"https:\/\/www.argentina.gob.ar\/noticias\/vialidad-nacional-cumple-90-anos-realizando-obras-clave-para-el-desarrollo-de-un-pais-mas\" target=\"_blank\" rel=\"noopener\"><span style=\"font-weight: 400;\">https:\/\/www.argentina.gob.ar\/noticias\/vialidad-nacional-cumple-90-anos-realizando-obras-clave-para-el-desarrollo-de-un-pais-mas<\/span><\/a><\/li>\n<li style=\"font-weight: 400; text-align: justify;\" aria-level=\"1\"><span style=\"font-weight: 400;\">Orlandi, S., Laskowski, C., Manzanal, D. (2022) \u201cCharacterization of three potentially high expansive layers belonging to Chenque and Sarmiento geological formations\u201d. IX Latin American Rock Mechanics Symposium IX Simposio Latinoamericano de Mec\u00e1nica de Rocas Asunci\u00f3n-Paraguay October 16-19, 2022.<\/span><\/li>\n<li style=\"font-weight: 400; text-align: justify;\" aria-level=\"1\"><span style=\"font-weight: 400;\">El Patag\u00f3nico (2015, February 23). A-veinte-anos-del-dia-que-comodoro-se-partio-dos. www.elpatagonico.com. Retrieved October 26, 2023, from <\/span><a href=\"https:\/\/www.elpatagonico.com\/a-veinte-anos-del-dia-que-comodoro-se-partio-dos-n771318\" target=\"_blank\" rel=\"noopener\"><span style=\"font-weight: 400;\">https:\/\/www.elpatagonico.com\/a-veinte-anos-del-dia-que-comodoro-se-partio-dos-n771318<\/span><\/a><\/li>\n<li style=\"font-weight: 400; text-align: justify;\" aria-level=\"1\"><span style=\"font-weight: 400;\">La voz (2017, April 2). Impactante-el-temporal-en-comodoro-rivadavia-destruyo-mas-de-2000-casas\/. Www.Lavoz.com.ar. Retrieved October 26, 2023, from <a href=\"https:\/\/suscripcion.lavoz.com.ar\/id\/login\/?loginwall=true&amp;continue=https:\/\/www.lavoz.com.ar\/ciudadanos\/impactante-el-temporal-en-comodoro-rivadavia-destruyo-mas-de-2000-casas\/\" target=\"_blank\" rel=\"noopener\">https:\/\/suscripcion.lavoz.com.ar\/id\/login\/?loginwall=true&amp;continue=https:\/\/www.lavoz.com.ar\/ciudadanos\/impactante-el-temporal-en-comodoro-rivadavia-destruyo-mas-de-2000-casas\/<\/a><\/span><\/li>\n<li style=\"font-weight: 400; text-align: justify;\" aria-level=\"1\"><span style=\"font-weight: 400;\">El extremo sur (2022, September 21). Mientras-caen-grandes-pedazos-del-chenque-luque-exige-obras-a-la-provincia. Www.Elextremosur.com. Retrieved October 27, 2023, from <a href=\"https:\/\/www.elextremosur.com\/nota\/39692-mientras-caen-grandes-pedazos-del-chenque-luque-exige-obras-a-la-provincia\/\" target=\"_blank\" rel=\"noopener\">https:\/\/www.elextremosur.com\/nota\/39692-mientras-caen-grandes-pedazos-del-chenque-luque-exige-obras-a-la-provincia\/<\/a><\/span><\/li>\n<li style=\"font-weight: 400; text-align: justify;\" aria-level=\"1\"><span style=\"font-weight: 400;\">La Naci\u00f3n (2023, August 31). Colapso-de-la-ruta-3-el-deslizamiento-aun-no-finalizo-y-no-hay-fecha-de-reparacion. Www.Lanacion.com.ar. Retrieved October 26, 2023, from <\/span><a href=\"https:\/\/www.lanacion.com.ar\/sociedad\/colapso-de-la-ruta-3-el-deslizamiento-aun-no-finalizo-y-no-hay-fecha-de-reparacion-nid31082023\/\" target=\"_blank\" rel=\"noopener\"><span style=\"font-weight: 400;\">https:\/\/www.lanacion.com.ar\/sociedad\/colapso-de-la-ruta-3-el-deslizamiento-aun-no-finalizo-y-no-hay-fecha-de-reparacion-nid31082023\/<\/span><span style=\"font-weight: 400;\">&nbsp;<\/span><\/a><\/li>\n<li style=\"font-weight: 400; text-align: justify;\" aria-level=\"1\"><span style=\"font-weight: 400;\">Williams, G. (2009, September 17). Los espa\u00f1oles y sus descendientes en Patagonia Central en el Siglo XX Huellas culturales y experiencias identitarias. El transporte en Comodoro Rivadavia Cap\u00edtulo XXV. Www.Deila.Dickinson.edu. Retrieved October 26, 2023, from <a href=\"https:\/\/deila.dickinson.edu\/patagonia\/newsite\/Library\/CCR1951\/Capitulo25.pdf\" target=\"_blank\" rel=\"noopener\">https:\/\/deila.dickinson.edu\/patagonia\/newsite\/Library\/CCR1951\/Capitulo25.pdf<\/a><\/span><\/li>\n<li style=\"font-weight: 400; text-align: justify;\" aria-level=\"1\"><span style=\"font-weight: 400;\">Wikipedia (2009, September 17). Puerto_desde_el_chenque. Www.Commons.Wikimedia.org. Retrieved October 26, 2023, from <a href=\"https:\/\/commons.wikimedia.org\/wiki\/File:Puerto_desde_el_chenque.JPG\" target=\"_blank\" rel=\"noopener\">https:\/\/commons.wikimedia.org\/wiki\/File:Puerto_desde_el_chenque.JPG<\/a><\/span><\/li>\n<li style=\"font-weight: 400; text-align: justify;\" aria-level=\"1\"><span style=\"font-weight: 400;\">Revista Puerto (2023, October 26). Fracaso-la-licitacion-del-astillero-del-puerto-de-comodoro-rivadavia. Www.Revistapuerto.com.ar. Retrieved October 26, 2023, from <a href=\"https:\/\/revistapuerto.com.ar\/2022\/11\/fracaso-la-licitacion-del-astillero-del-puerto-de-comodoro-rivadavia\/\" target=\"_blank\" rel=\"noopener\">https:\/\/revistapuerto.com.ar\/2022\/11\/fracaso-la-licitacion-del-astillero-del-puerto-de-comodoro-rivadavia\/<\/a><\/span><\/li>\n<li style=\"font-weight: 400; text-align: justify;\" aria-level=\"1\"><span style=\"font-weight: 400;\">Municipalidad de Comodoro Rivadavia (2023, September 5). El-municipio-realiza-un-detallado-relevamiento-junto-a-la-universidad-a-traves-de-un-drone-de-ultima-tecnologia-para-monitorear-la-grieta-de-la-ruta-nacional-n-3. Www.Comodoro.gov.ar. Retrieved October 27, 2023, from <\/span><a href=\"https:\/\/www.comodoro.gov.ar\/2023\/09\/05\/el-municipio-realiza-un-detallado-relevamiento-junto-a-la-universidad-a-traves-de-un-drone-de-ultima-tecnologia-para-monitorear-la-grieta-de-la-ruta-nacional-n-3\/\" target=\"_blank\" rel=\"noopener\"><span style=\"font-weight: 400;\">https:\/\/www.comodoro.gov.ar\/2023\/09\/05\/el-municipio-realiza-un-detallado-relevamiento-junto-a-la-universidad-a-traves-de-un-drone-de-ultima-tecnologia-para-monitorear-la-grieta-de-la-ruta-nacional-n-3\/<\/span><\/a><\/li>\n<li style=\"font-weight: 400; text-align: justify;\" aria-level=\"1\"><span style=\"font-weight: 400;\">Google Maps (2023, October 26). Zona Costera Comodoro Rivadavia Golfo San Jorge. Www.Google.com\/Maps. Retrieved October 26, 2023, from <a href=\"https:\/\/www.google.com\/maps\/@-45.8547567,-67.4702769,2612m\/data=!3m1!1e3?entry=ttu Fecha de acceso 12\/10\/2023\" target=\"_blank\" rel=\"noopener\">https:\/\/www.google.com\/maps\/@-45.8547567,-67.4702769,2612m\/data=!3m1!1e3?entry=ttu Fecha de acceso 12\/10\/2023&nbsp;<\/a><\/span><\/li>\n<\/ul>\n<p style=\"font-weight: 400; text-align: justify;\"><em>Sandra Orlandi, Docente investigadora de la Universidad Nacional de la Patagonia San Juan Bosco (UNPSJB) por veinticinco a\u00f1os. Realiz\u00f3 su carrera de grado en la misma universidad donde se desempe\u00f1a. Llev\u00f3 adelante la maestr\u00eda en ingenier\u00eda en la Universidad Nacional Aut\u00f3noma de M\u00e9xico (UNAM) y el doctorado en ciencias de la ingenier\u00eda en la UNPSJB. La docencia, la investigaci\u00f3n de suelos expansivos e inyecci\u00f3n de CO2 en formaciones depletadas, el estudio y remediaci\u00f3n de patolog\u00edas en grandes obras, se encuentran entre sus principales \u00e1reas de inter\u00e9s.<\/em><\/p>","protected":false},"excerpt":{"rendered":"<p>Ruta Nacional N\u00b03, sector cerro Chenque, Comodoro Rivadavia, el paso del tiempo, la ocurrencia de inestabilidades y el origen de estas INTRODUCCI\u00d3N La ruta nacional N\u00b03 (RN\u00b03) con una extensi\u00f3n [&hellip;]<\/p>","protected":false},"author":1,"featured_media":14500,"comment_status":"closed","ping_status":"open","sticky":false,"template":"","format":"standard","meta":{"ngg_post_thumbnail":0,"_links_to":"","_links_to_target":""},"categories":[52,46],"tags":[],"_links":{"self":[{"href":"https:\/\/sochige.cl\/en\/wp-json\/wp\/v2\/posts\/14468"}],"collection":[{"href":"https:\/\/sochige.cl\/en\/wp-json\/wp\/v2\/posts"}],"about":[{"href":"https:\/\/sochige.cl\/en\/wp-json\/wp\/v2\/types\/post"}],"author":[{"embeddable":true,"href":"https:\/\/sochige.cl\/en\/wp-json\/wp\/v2\/users\/1"}],"replies":[{"embeddable":true,"href":"https:\/\/sochige.cl\/en\/wp-json\/wp\/v2\/comments?post=14468"}],"version-history":[{"count":19,"href":"https:\/\/sochige.cl\/en\/wp-json\/wp\/v2\/posts\/14468\/revisions"}],"predecessor-version":[{"id":14510,"href":"https:\/\/sochige.cl\/en\/wp-json\/wp\/v2\/posts\/14468\/revisions\/14510"}],"wp:featuredmedia":[{"embeddable":true,"href":"https:\/\/sochige.cl\/en\/wp-json\/wp\/v2\/media\/14500"}],"wp:attachment":[{"href":"https:\/\/sochige.cl\/en\/wp-json\/wp\/v2\/media?parent=14468"}],"wp:term":[{"taxonomy":"category","embeddable":true,"href":"https:\/\/sochige.cl\/en\/wp-json\/wp\/v2\/categories?post=14468"},{"taxonomy":"post_tag","embeddable":true,"href":"https:\/\/sochige.cl\/en\/wp-json\/wp\/v2\/tags?post=14468"}],"curies":[{"name":"wp","href":"https:\/\/api.w.org\/{rel}","templated":true}]}}