{"id":15537,"date":"2025-05-26T10:14:49","date_gmt":"2025-05-26T14:14:49","guid":{"rendered":"https:\/\/sochige.cl\/?p=15537"},"modified":"2025-05-26T10:18:38","modified_gmt":"2025-05-26T14:18:38","slug":"charla-aplicacion-practica-de-vs-y-to-tecnicas-geofisicas-sismicas-expositor-sr-francisco-ruz","status":"publish","type":"post","link":"https:\/\/sochige.cl\/en\/2025\/05\/26\/charla-aplicacion-practica-de-vs-y-to-tecnicas-geofisicas-sismicas-expositor-sr-francisco-ruz\/","title":{"rendered":"CHARLA  \u201cAplicaci\u00f3n pr\u00e1ctica de Vs y To  (T\u00e9cnicas geof\u00edsicas s\u00edsmicas EXPOSITOR  Sr. Francisco Ruz."},"content":{"rendered":"<div>\n<p>CHARLA&nbsp; \u201cAplicaci\u00f3n pr\u00e1ctica de Vs y To &nbsp;(T\u00e9cnicas geof\u00edsicas s\u00edsmicas EXPOSITOR&nbsp; Sr. Francisco Ruz.&nbsp;<\/p>\n<p>FEHCA:&nbsp; jueves 29 de Mayo a las&nbsp;19;00&nbsp;hrs. &nbsp;v\u00eda on line<\/p>\n<p>Inscripciones: <b><a href=\"https:\/\/docs.google.com\/forms\/d\/e\/1FAIpQLSfp_A5cvMEBRVAO0J_WcLjseuXz2t5PRnIGcGS6j1XwR36wcw\/viewform?usp=header\" target=\"_blank\" rel=\"noopener\" data-saferedirecturl=\"https:\/\/www.google.com\/url?q=https:\/\/docs.google.com\/forms\/d\/e\/1FAIpQLSfp_A5cvMEBRVAO0J_WcLjseuXz2t5PRnIGcGS6j1XwR36wcw\/viewform?usp%3Dheader&amp;source=gmail&amp;ust=1748352426048000&amp;usg=AOvVaw22RRtvaXoGu-TBvBfY4R4w\">https:\/\/docs.google.com\/forms\/<wbr>d\/e\/1FAIpQLSfp_A5cvMEBRVAO0J_<wbr>WcLjseuXz2t5PRnIGcGS6j1XwR36wc<wbr>w\/viewform?usp=header<\/a><\/b><\/p>\n<\/div>\n<p>&nbsp;<\/p>\n<p><img loading=\"lazy\" class=\"alignleft size-full wp-image-15424\" src=\"https:\/\/sochige.cl\/wp-content\/uploads\/2025\/03\/sochige-charla-7.png\" alt=\"\" width=\"1080\" height=\"1080\" srcset=\"https:\/\/sochige.cl\/wp-content\/uploads\/2025\/03\/sochige-charla-7.png 1080w, https:\/\/sochige.cl\/wp-content\/uploads\/2025\/03\/sochige-charla-7-300x300.png 300w, https:\/\/sochige.cl\/wp-content\/uploads\/2025\/03\/sochige-charla-7-1024x1024.png 1024w, https:\/\/sochige.cl\/wp-content\/uploads\/2025\/03\/sochige-charla-7-150x150.png 150w, https:\/\/sochige.cl\/wp-content\/uploads\/2025\/03\/sochige-charla-7-768x768.png 768w, https:\/\/sochige.cl\/wp-content\/uploads\/2025\/03\/sochige-charla-7-109x109.png 109w, https:\/\/sochige.cl\/wp-content\/uploads\/2025\/03\/sochige-charla-7-100x100.png 100w, https:\/\/sochige.cl\/wp-content\/uploads\/2025\/03\/sochige-charla-7-65x65.png 65w\" sizes=\"(max-width: 1080px) 100vw, 1080px\" \/><\/p>","protected":false},"excerpt":{"rendered":"<p>CHARLA&nbsp; \u201cAplicaci\u00f3n pr\u00e1ctica de Vs y To &nbsp;(T\u00e9cnicas geof\u00edsicas s\u00edsmicas EXPOSITOR&nbsp; Sr. Francisco Ruz.&nbsp; FEHCA:&nbsp; jueves 29 de Mayo a las&nbsp;19;00&nbsp;hrs. &nbsp;v\u00eda on line Inscripciones: https:\/\/docs.google.com\/forms\/d\/e\/1FAIpQLSfp_A5cvMEBRVAO0J_WcLjseuXz2t5PRnIGcGS6j1XwR36wcw\/viewform?usp=header &nbsp;<\/p>","protected":false},"author":1,"featured_media":15424,"comment_status":"closed","ping_status":"open","sticky":false,"template":"","format":"standard","meta":{"ngg_post_thumbnail":0,"_links_to":"","_links_to_target":""},"categories":[52,46],"tags":[],"_links":{"self":[{"href":"https:\/\/sochige.cl\/en\/wp-json\/wp\/v2\/posts\/15537"}],"collection":[{"href":"https:\/\/sochige.cl\/en\/wp-json\/wp\/v2\/posts"}],"about":[{"href":"https:\/\/sochige.cl\/en\/wp-json\/wp\/v2\/types\/post"}],"author":[{"embeddable":true,"href":"https:\/\/sochige.cl\/en\/wp-json\/wp\/v2\/users\/1"}],"replies":[{"embeddable":true,"href":"https:\/\/sochige.cl\/en\/wp-json\/wp\/v2\/comments?post=15537"}],"version-history":[{"count":1,"href":"https:\/\/sochige.cl\/en\/wp-json\/wp\/v2\/posts\/15537\/revisions"}],"predecessor-version":[{"id":15540,"href":"https:\/\/sochige.cl\/en\/wp-json\/wp\/v2\/posts\/15537\/revisions\/15540"}],"wp:featuredmedia":[{"embeddable":true,"href":"https:\/\/sochige.cl\/en\/wp-json\/wp\/v2\/media\/15424"}],"wp:attachment":[{"href":"https:\/\/sochige.cl\/en\/wp-json\/wp\/v2\/media?parent=15537"}],"wp:term":[{"taxonomy":"category","embeddable":true,"href":"https:\/\/sochige.cl\/en\/wp-json\/wp\/v2\/categories?post=15537"},{"taxonomy":"post_tag","embeddable":true,"href":"https:\/\/sochige.cl\/en\/wp-json\/wp\/v2\/tags?post=15537"}],"curies":[{"name":"wp","href":"https:\/\/api.w.org\/{rel}","templated":true}]}}