{"id":15855,"date":"2025-12-22T08:55:44","date_gmt":"2025-12-22T12:55:44","guid":{"rendered":"https:\/\/sochige.cl\/?p=15855"},"modified":"2025-12-22T08:57:56","modified_gmt":"2025-12-22T12:57:56","slug":"claudio-foncea-y-lucy-magana-son-nombrados-socios-honorarios-durante-cena-sochige-2025","status":"publish","type":"post","link":"https:\/\/sochige.cl\/en\/2025\/12\/22\/claudio-foncea-y-lucy-magana-son-nombrados-socios-honorarios-durante-cena-sochige-2025\/","title":{"rendered":"Claudio Foncea y Lucy Maga\u00f1a son nombrados socios honorarios durante cena Sochige 2025"},"content":{"rendered":"<p>Durante la cena anual de socios realizada el 10 de diciembre de 2025, se otorg\u00f3 la categor\u00eda de \u201cSocio honorario\u201d a Claudio Foncea y a Lucy Maga\u00f1a, reconociendo de esta forma tanto su extensa trayectoria como sus aportes al desarrollo de nuestra especialidad en Chile.<\/p>\n<p>Compartimos con ustedes algunas fotograf\u00edas, y acompa\u00f1amos a continuaci\u00f3n el discurso de Claudio Foncea:<\/p>\n<p><em>ATANDO CABOS<\/em><\/p>\n<p><em>Una frase que hace un tiempo le\u00ed en YouTube me ha hecho pensar y entender algo que quiero compartir con ustedes. Ella dice:<\/em><\/p>\n<p><em>TODO DESARROLLO DEBE HACER UN BALANCE CON LO QUE SE EST\u00c1 PERDIENDO.<\/em><\/p>\n<p><em>Est\u00e1 muy claro que el mundo se ha estadodesarrollando en lo material en forma vertiginosa en las \u00faltimas d\u00e9cadas y sin duda podemos estar orgullosos de ello, pero si queremos claridad la gran pregunta es \u00bfqu\u00e9 hemos perdido en el intertanto? Desgraciadamente mucho.<\/em><\/p>\n<p><em>\u00bfPor qu\u00e9 les estoy hablando de esto a ustedes enesta reuni\u00f3n de profesionales geot\u00e9cnicos?<\/em><\/p>\n<p><em>La raz\u00f3n es que los geot\u00e9cnicos nos relacionamosen nuestros trabajos directamente con elementos de la naturaleza, lo que nos obliga a salir del campo m\u00e1s material de la ingenier\u00eda civil y entrar en un universo m\u00e1s variado y m\u00e1s complejo.<\/em><\/p>\n<p><em>La ingenier\u00eda geot\u00e9cnica es parte de la ciencia contempor\u00e1nea y hemos heredado de ella algo que debemos intentar al menos cuestionar ya que la ciencia por nosotros conocida en las aulas considera en sus an\u00e1lisis lo que resulta de mediciones, es decir par\u00e1metros que se puedenmedir, motejando las apreciaciones de los sentidos como subjetivas.<\/em><\/p>\n<p><em>Terzaghi dec\u00eda que, si los resultados de ensayos contradec\u00edan lo que hab\u00edamos sentido al amasar el suelo entre los dedos y al verlo en la obra, mejor ser\u00eda depositarlos en la basura y si los m\u00e9todos sofisticados entregaban resultados diferentes a los esperados, mejor ignorarlos. Lo que Terzaghi nos dec\u00eda en mi interpretaci\u00f3n era CONF\u00cdEN EN SUS SENTIDOS<\/em><\/p>\n<p><em>Lo que Terzaghi no nos dijo es que \u00e9l ya hab\u00eda desarrollado su capacidad de percepci\u00f3n puestoque nuestros sentidos requieren un desarrollo o de lo contrario nuestras percepciones resultan subjetivas, pero tal desarrollo es precisamente lo que no hemos realizado porque como sociedad no hemos hecho el balance requerido.<\/em><\/p>\n<p><em>Para entendernos, los sentidos requieren un desarrollo al igual que los ni\u00f1os al aprender a caminar y a correr est\u00e1n desarrollando su potencial f\u00edsico, pero no siempre es as\u00ed de claro para la sociedad ya que frente a una dolencia se le proporcionan al ni\u00f1o remedios antes de que \u00e9l reaccione y desarrolle su capacidad natural y propia de inmunizaci\u00f3n.<\/em><\/p>\n<p><em>Que la sociedad no lo haga no es excusa para nosotros los geot\u00e9cnicos, somos nosotros los que debemos tomar conciencia de ello y desarrollar una confianza en nuestra propia percepci\u00f3n lo que tambi\u00e9n se conoce como intuici\u00f3n.<\/em><\/p>\n<p><em>Al entender y aceptar que al no haberlo hecho conscientemente estamos limitados dentro de nuestro potencial, bien puede ser que experimentemos una merma en nuestra seguridad y tomaremos las precauciones necesarias frente a los problemas que enfrentamos, mas lo realmente positivo y enriquecedor al actuar de esta manera, conscientes de la necesidad de complementar lo que sabemos es que estaremos desarrollando nuestros sentidos eliminando las contaminaciones ya existentes en ellos. Como resultado nos iremos empoderando no tan solo como profesionalesexperimentados, sino que este empoderamiento se manifestar\u00e1 tambi\u00e9n en la selecci\u00f3n m\u00e1s acertada de los m\u00e9todos a usar y no solo eso, sino que igualmente en los dem\u00e1s campos de nuestras vidas.<\/em><\/p>\n<p><em>Estoy consciente que para seres tan pensantes como todos ustedes este tema suena un tanto destemplado ya que hemos sido formados y vivido en una sociedad que no valora los sentidos como dignos de cr\u00e9dito y por esta raz\u00f3n quiero cerrar este mensaje con una experiencia de ense\u00f1anza donde otro catedr\u00e1tico de prestigio lo reafirma.<\/em><\/p>\n<p><em>En mi segundo a\u00f1o en Harvard tom\u00e9 cursos con Arthur Casagrande que consist\u00edan en encuentros individuales cada semana en temas previamente acordados. Yo llegaba cada lunes a las siete de la tarde cargado de libros que \u00e9l me ped\u00eda dejarlos sobre la mesa y siempre agregaba \u201cwe are going to talk about the real thing\u201d como si la realidad estuviera fuera de los libros o los libros no consiguiesen alcanzarla.<\/em><\/p>\n<div id=\"metaslider-id-15857\" style=\"width: 100%;\" class=\"ml-slider-3-104-0 metaslider metaslider-flex metaslider-15857 ml-slider has-dots-nav ms-theme-default-base\" role=\"region\" aria-label=\"Nueva presentaci\u00f3n de diapositivas\" data-height=\"300\" data-width=\"700\">\n    <div id=\"metaslider_container_15857\">\n        <div id=\"metaslider_15857\">\n            <ul aria-live='off' class='slides'>\n            <\/ul>\n        <\/div>\n        \n    <\/div>\n<\/div>","protected":false},"excerpt":{"rendered":"<p>Durante la cena anual de socios realizada el 10 de diciembre de 2025, se otorg\u00f3 la categor\u00eda de \u201cSocio honorario\u201d a Claudio Foncea y a Lucy Maga\u00f1a, reconociendo de esta [&hellip;]<\/p>","protected":false},"author":1,"featured_media":0,"comment_status":"closed","ping_status":"open","sticky":false,"template":"","format":"standard","meta":{"ngg_post_thumbnail":0,"_links_to":"","_links_to_target":""},"categories":[52,46],"tags":[],"_links":{"self":[{"href":"https:\/\/sochige.cl\/en\/wp-json\/wp\/v2\/posts\/15855"}],"collection":[{"href":"https:\/\/sochige.cl\/en\/wp-json\/wp\/v2\/posts"}],"about":[{"href":"https:\/\/sochige.cl\/en\/wp-json\/wp\/v2\/types\/post"}],"author":[{"embeddable":true,"href":"https:\/\/sochige.cl\/en\/wp-json\/wp\/v2\/users\/1"}],"replies":[{"embeddable":true,"href":"https:\/\/sochige.cl\/en\/wp-json\/wp\/v2\/comments?post=15855"}],"version-history":[{"count":1,"href":"https:\/\/sochige.cl\/en\/wp-json\/wp\/v2\/posts\/15855\/revisions"}],"predecessor-version":[{"id":15866,"href":"https:\/\/sochige.cl\/en\/wp-json\/wp\/v2\/posts\/15855\/revisions\/15866"}],"wp:attachment":[{"href":"https:\/\/sochige.cl\/en\/wp-json\/wp\/v2\/media?parent=15855"}],"wp:term":[{"taxonomy":"category","embeddable":true,"href":"https:\/\/sochige.cl\/en\/wp-json\/wp\/v2\/categories?post=15855"},{"taxonomy":"post_tag","embeddable":true,"href":"https:\/\/sochige.cl\/en\/wp-json\/wp\/v2\/tags?post=15855"}],"curies":[{"name":"wp","href":"https:\/\/api.w.org\/{rel}","templated":true}]}}