{"id":313,"date":"2015-07-09T02:02:54","date_gmt":"2015-07-09T05:02:54","guid":{"rendered":"http:\/\/www.sochige.cl\/?p=313"},"modified":"2015-07-09T02:02:54","modified_gmt":"2015-07-09T05:02:54","slug":"reunion-plenaria-abril-2014-2","status":"publish","type":"post","link":"https:\/\/sochige.cl\/en\/2015\/07\/09\/reunion-plenaria-abril-2014-2\/","title":{"rendered":"Reuni\u00f3n Plenaria Abril 2014"},"content":{"rendered":"<h5>C\u00e1mara Chilena de la Construcci\u00f3n &#8211; Santiago<\/h5>\n<h1>Reuni\u00f3n Plenaria Abril 2014<\/h1>\n<div class=\"pull-left infoPublicacion\">10 de marzo<\/div>\n<div class=\"pull-right socialesNoticia noprint\"><\/div>\n<div class=\"clearfix\"><\/div>\n<p><img src=\"https:\/\/www.sochige.cl\/images\/Logo1.png\" alt=\"\" \/><\/p>\n<div class=\"clearfix\"><\/div>\n<p>Estimados Socios.<br \/>\nTenemos el agrado de invitarlos a nuestra primera reuni\u00f3n plenaria del a\u00f1o 2014. Esta reuni\u00f3n cumplir\u00e1 2 prop\u00f3sitos:<br \/>\n&#8211; <strong>Javier Ubilla<\/strong>, Presidente SOCHIGE, resumir\u00e1 las actividades en que SOCHIGE est\u00e1 participando activamente y las actividades planificadas para el 2014;<!--more--><br \/>\n&#8211; <strong>Ram\u00f3n Verdugo<\/strong>, Principal CMGI, har\u00e1 la presentaci\u00f3n <em><strong>\u201cEvoluci\u00f3n de la Normativa de Clasificaci\u00f3n S\u00edsmica de Suelos desde el Terremoto Febrero 2010\u201d<\/strong><\/em>.<br \/>\nEsta reuni\u00f3n plenaria se llevar\u00e1 a cabo el d\u00eda mi\u00e9rcoles 2 de abril 2014 entre las 17:00 y las 19:00 hrs en las dependencias de la <strong>C\u00e1mara Chilena de la Construcci\u00f3n<\/strong>, ubicada en Marchant Pereira #10, piso 3 Providencia, Santiago.<br \/>\nEsperando que todos puedan asistir, saluda cordialmente,<br \/>\n<strong>Directorio SOCHIGE<\/strong><\/p>","protected":false},"excerpt":{"rendered":"<p>C\u00e1mara Chilena de la Construcci\u00f3n &#8211; Santiago Reuni\u00f3n Plenaria Abril 2014 10 de marzo Estimados Socios. Tenemos el agrado de invitarlos a nuestra primera reuni\u00f3n plenaria del a\u00f1o 2014. Esta [&hellip;]<\/p>","protected":false},"author":1,"featured_media":0,"comment_status":"closed","ping_status":"closed","sticky":false,"template":"","format":"standard","meta":{"ngg_post_thumbnail":0,"_links_to":"","_links_to_target":""},"categories":[46],"tags":[],"_links":{"self":[{"href":"https:\/\/sochige.cl\/en\/wp-json\/wp\/v2\/posts\/313"}],"collection":[{"href":"https:\/\/sochige.cl\/en\/wp-json\/wp\/v2\/posts"}],"about":[{"href":"https:\/\/sochige.cl\/en\/wp-json\/wp\/v2\/types\/post"}],"author":[{"embeddable":true,"href":"https:\/\/sochige.cl\/en\/wp-json\/wp\/v2\/users\/1"}],"replies":[{"embeddable":true,"href":"https:\/\/sochige.cl\/en\/wp-json\/wp\/v2\/comments?post=313"}],"version-history":[{"count":0,"href":"https:\/\/sochige.cl\/en\/wp-json\/wp\/v2\/posts\/313\/revisions"}],"wp:attachment":[{"href":"https:\/\/sochige.cl\/en\/wp-json\/wp\/v2\/media?parent=313"}],"wp:term":[{"taxonomy":"category","embeddable":true,"href":"https:\/\/sochige.cl\/en\/wp-json\/wp\/v2\/categories?post=313"},{"taxonomy":"post_tag","embeddable":true,"href":"https:\/\/sochige.cl\/en\/wp-json\/wp\/v2\/tags?post=313"}],"curies":[{"name":"wp","href":"https:\/\/api.w.org\/{rel}","templated":true}]}}