{"id":4382,"date":"2019-08-01T17:59:30","date_gmt":"2019-08-01T17:59:30","guid":{"rendered":"https:\/\/sochige.cl\/?p=4382"},"modified":"2019-12-02T14:05:14","modified_gmt":"2019-12-02T14:05:14","slug":"luis-valenzuela-presento-charla-desafios-en-el-diseno-construccion-y-operacion-de-presas-de-relaves","status":"publish","type":"post","link":"https:\/\/sochige.cl\/en\/2019\/08\/01\/luis-valenzuela-presento-charla-desafios-en-el-diseno-construccion-y-operacion-de-presas-de-relaves\/","title":{"rendered":"Luis Valenzuela present\u00f3 charla \u201cDesaf\u00edos en el dise\u00f1o, construcci\u00f3n y operaci\u00f3n de presas de relaves\u201d"},"content":{"rendered":"<p style=\"text-align: justify;\">El mi\u00e9rcoles reci\u00e9n pasado se llev\u00f3 a cabo en el centro de estudios avanzados y extensi\u00f3n de la Pontificia Universidad Cat\u00f3lica de Valparaiso la charla \u201cdesaf\u00edos en el dise\u00f1o, construcci\u00f3n y operaci\u00f3n de presas de relaves\u201d por parte del Ingeniero Luis Valenzuela, quien ahond\u00f3 en temas asociados a los recientes desastres de fallas de presas de relaves ocurridos en Mount Polley (Canad\u00e1), Fundao y Brumadinho (Brazil), y Cadia (Australia).<\/p>\n<p style=\"text-align: justify;\">La charla tuvo por objetivo presentar la aplicaci\u00f3n (tanto en el dise\u00f1o como en la operaci\u00f3n) de los conceptos de manejo de riesgos a partir de la identificaci\u00f3n de la probabilidad de falla, junto a la necesidad de adoptar criterios de probabilidad de falla similares a los que se aplican en las presas de los proyectos hidroel\u00e9ctricos o de riego, siguiendo las recomendaciones de ICOLD.<\/p>\n<p>\u00a0\u00a0<img loading=\"lazy\" class=\"alignnone wp-image-4389\" src=\"https:\/\/sochige.cl\/wp-content\/uploads\/2019\/08\/Foto-15.png\" alt=\"\" width=\"260\" height=\"195\" \/> <img loading=\"lazy\" class=\"alignnone wp-image-4391\" src=\"https:\/\/sochige.cl\/wp-content\/uploads\/2019\/08\/Foto-17.png\" alt=\"\" width=\"256\" height=\"194\" \/> <img loading=\"lazy\" class=\"alignnone wp-image-4392\" src=\"https:\/\/sochige.cl\/wp-content\/uploads\/2019\/08\/Foto-18.png\" alt=\"\" width=\"267\" height=\"195\" \/><\/p>","protected":false},"excerpt":{"rendered":"<p>El mi\u00e9rcoles reci\u00e9n pasado se llev\u00f3 a cabo en el centro de estudios avanzados y extensi\u00f3n de la Pontificia Universidad Cat\u00f3lica de Valparaiso la charla \u201cdesaf\u00edos en el dise\u00f1o, construcci\u00f3n [&hellip;]<\/p>","protected":false},"author":1,"featured_media":4385,"comment_status":"closed","ping_status":"open","sticky":false,"template":"","format":"standard","meta":{"ngg_post_thumbnail":0,"_links_to":"","_links_to_target":""},"categories":[49],"tags":[],"_links":{"self":[{"href":"https:\/\/sochige.cl\/en\/wp-json\/wp\/v2\/posts\/4382"}],"collection":[{"href":"https:\/\/sochige.cl\/en\/wp-json\/wp\/v2\/posts"}],"about":[{"href":"https:\/\/sochige.cl\/en\/wp-json\/wp\/v2\/types\/post"}],"author":[{"embeddable":true,"href":"https:\/\/sochige.cl\/en\/wp-json\/wp\/v2\/users\/1"}],"replies":[{"embeddable":true,"href":"https:\/\/sochige.cl\/en\/wp-json\/wp\/v2\/comments?post=4382"}],"version-history":[{"count":4,"href":"https:\/\/sochige.cl\/en\/wp-json\/wp\/v2\/posts\/4382\/revisions"}],"predecessor-version":[{"id":4457,"href":"https:\/\/sochige.cl\/en\/wp-json\/wp\/v2\/posts\/4382\/revisions\/4457"}],"wp:featuredmedia":[{"embeddable":true,"href":"https:\/\/sochige.cl\/en\/wp-json\/wp\/v2\/media\/4385"}],"wp:attachment":[{"href":"https:\/\/sochige.cl\/en\/wp-json\/wp\/v2\/media?parent=4382"}],"wp:term":[{"taxonomy":"category","embeddable":true,"href":"https:\/\/sochige.cl\/en\/wp-json\/wp\/v2\/categories?post=4382"},{"taxonomy":"post_tag","embeddable":true,"href":"https:\/\/sochige.cl\/en\/wp-json\/wp\/v2\/tags?post=4382"}],"curies":[{"name":"wp","href":"https:\/\/api.w.org\/{rel}","templated":true}]}}