{"id":4811,"date":"2019-10-08T17:25:54","date_gmt":"2019-10-08T17:25:54","guid":{"rendered":"https:\/\/sochige.cl\/?p=4811"},"modified":"2019-10-08T17:25:54","modified_gmt":"2019-10-08T17:25:54","slug":"derrumbe-en-pared-de-excavacion-de-avo-i-genera-importantes-cortes-de-transito-en-americo-vespucio","status":"publish","type":"post","link":"https:\/\/sochige.cl\/en\/2019\/10\/08\/derrumbe-en-pared-de-excavacion-de-avo-i-genera-importantes-cortes-de-transito-en-americo-vespucio\/","title":{"rendered":"Derrumbe en pared de excavaci\u00f3n de AVO I genera importantes cortes de tr\u00e1nsito en Am\u00e9rico Vespucio"},"content":{"rendered":"<p style=\"text-align: justify;\">Un desprendimiento de una importante cantidad de material en una de las paredes de la excavaci\u00f3n del proyecto AVO I \u2013 la que fue err\u00f3neamente llamada \u201csocav\u00f3n\u201d por los medios de comunicaci\u00f3n \u2013 se produjo durante la madrugada del 12 de Septiembre en el sector de \u00a0Am\u00e9rico Vespucio con Presidente Riesco, debido al cual fue necesario clausurar 1 de las 2 pistas, ocasionando importantes aglomeraciones vehiculares.<\/p>\n<p style=\"text-align: justify;\">Como se puede ver en las im\u00e1genes difundidas por la prensa, el desprendimiento se habr\u00eda producido por la falta de un sistema de contenci\u00f3n apropiado de un talud casi vertical, cuyo coronamiento qued\u00f3 a solo cent\u00edmetros del tr\u00e1nsito vehicular.<\/p>\n<p style=\"text-align: justify;\">El derrumbe ocurri\u00f3 en ausencia de lluvias. Afortunadamente no se registraron trabajadores lesionados ni accidentes de tr\u00e1nsito debido a que el derrumbe ocurri\u00f3 en la madrugada.<\/p>\n<p style=\"text-align: justify;\"><img loading=\"lazy\" class=\"alignnone size-full wp-image-4814\" src=\"https:\/\/sochige.cl\/wp-content\/uploads\/2019\/10\/Fotografia-3.1-Infografia-la-tercera.png\" alt=\"\" width=\"100%\" height=\"100%\" srcset=\"https:\/\/sochige.cl\/wp-content\/uploads\/2019\/10\/Fotografia-3.1-Infografia-la-tercera.png 632w, https:\/\/sochige.cl\/wp-content\/uploads\/2019\/10\/Fotografia-3.1-Infografia-la-tercera-300x246.png 300w\" sizes=\"(max-width: 632px) 100vw, 632px\" \/><\/p>\n<p style=\"text-align: justify;\">Infograf\u00eda: Diario La Tercera<\/p>","protected":false},"excerpt":{"rendered":"<p>Un desprendimiento de una importante cantidad de material en una de las paredes de la excavaci\u00f3n del proyecto AVO I \u2013 la que fue err\u00f3neamente llamada \u201csocav\u00f3n\u201d por los medios [&hellip;]<\/p>","protected":false},"author":1,"featured_media":4817,"comment_status":"closed","ping_status":"open","sticky":false,"template":"","format":"standard","meta":{"ngg_post_thumbnail":0,"_links_to":"","_links_to_target":""},"categories":[49],"tags":[],"_links":{"self":[{"href":"https:\/\/sochige.cl\/en\/wp-json\/wp\/v2\/posts\/4811"}],"collection":[{"href":"https:\/\/sochige.cl\/en\/wp-json\/wp\/v2\/posts"}],"about":[{"href":"https:\/\/sochige.cl\/en\/wp-json\/wp\/v2\/types\/post"}],"author":[{"embeddable":true,"href":"https:\/\/sochige.cl\/en\/wp-json\/wp\/v2\/users\/1"}],"replies":[{"embeddable":true,"href":"https:\/\/sochige.cl\/en\/wp-json\/wp\/v2\/comments?post=4811"}],"version-history":[{"count":2,"href":"https:\/\/sochige.cl\/en\/wp-json\/wp\/v2\/posts\/4811\/revisions"}],"predecessor-version":[{"id":4818,"href":"https:\/\/sochige.cl\/en\/wp-json\/wp\/v2\/posts\/4811\/revisions\/4818"}],"wp:featuredmedia":[{"embeddable":true,"href":"https:\/\/sochige.cl\/en\/wp-json\/wp\/v2\/media\/4817"}],"wp:attachment":[{"href":"https:\/\/sochige.cl\/en\/wp-json\/wp\/v2\/media?parent=4811"}],"wp:term":[{"taxonomy":"category","embeddable":true,"href":"https:\/\/sochige.cl\/en\/wp-json\/wp\/v2\/categories?post=4811"},{"taxonomy":"post_tag","embeddable":true,"href":"https:\/\/sochige.cl\/en\/wp-json\/wp\/v2\/tags?post=4811"}],"curies":[{"name":"wp","href":"https:\/\/api.w.org\/{rel}","templated":true}]}}