{"id":5876,"date":"2020-09-10T20:54:56","date_gmt":"2020-09-10T20:54:56","guid":{"rendered":"https:\/\/sochige.cl\/?p=5876"},"modified":"2020-09-10T20:54:56","modified_gmt":"2020-09-10T20:54:56","slug":"directorio-ejecutivo-invita-conferencia-modelos-de-negocios-y-su-impacto-en-medio-ambiente-y-los-efectos-macroeconomicos-de-la-economia-circular","status":"publish","type":"post","link":"https:\/\/sochige.cl\/en\/2020\/09\/10\/directorio-ejecutivo-invita-conferencia-modelos-de-negocios-y-su-impacto-en-medio-ambiente-y-los-efectos-macroeconomicos-de-la-economia-circular\/","title":{"rendered":"Directorio Ejecutivo invita conferencia \u00abModelos de negocios y su impacto en medio ambiente y los efectos macroecon\u00f3micos de la econom\u00eda circular\u00bb"},"content":{"rendered":"<p style=\"text-align: justify;\"><span style=\"color: #ff0000;\"><strong>LA CONFERENCIA SER\u00c1 EN INGL\u00c9S<\/strong><\/span><\/p>\n<p style=\"text-align: justify;\">Estimados Directores:<\/p>\n<p style=\"text-align: justify;\">Por especial encargo de Javier Garc\u00eda, presidente de la Comisi\u00f3n Econom\u00eda Circular, tengo el agrado de invitar a ustedes a la conferencia v\u00eda Zoom <strong>\u00abModelos de negocios y su impacto en medio ambiente y los efectos macroecon\u00f3micos de la econom\u00eda circular\u00bb<\/strong>, que brindar\u00e1 el Sr. <strong>Shardul Agrawala<\/strong>, director de la Divisi\u00f3n de Econom\u00eda y Medio Ambiente en el Directorado de Medio Ambiente de la OCDE, <strong>el martes 15 de septiembre de 2020, a las 11:00 horas<\/strong>.<\/p>\n<p style=\"text-align: justify;\">Shardul Agrawala es el director de la Divisi\u00f3n de Econom\u00eda y Medio Ambiente en el Directorado de Medio Ambiente de la OCDE. Como tal, le ha tocado liderar varios proyectos relacionados con las tem\u00e1ticas de su divisi\u00f3n, como el informe sobre An\u00e1lisis Costo Beneficio y la historia de su aplicaci\u00f3n (OCDE, 2018), el proyecto de Cuantificaci\u00f3n de los Efectos de la Inacci\u00f3n en temas ambientales (CIRCLE, 2014-2018) que incluyen componentes en contaminaci\u00f3n atmosf\u00e9rica y cambio clim\u00e1tico, entre otros; el Material Resource Outlook (OCDE, 2018) y los temas de econom\u00eda circular y su relaci\u00f3n con medio ambiente. En esta tem\u00e1tica, el directorado de Medio Ambiente de la OCDE ha trabajado dos corrientes principales, la primera es la cuantificaci\u00f3n de los efectos econ\u00f3micos de la econom\u00eda circular (principalmente en empleo e inversi\u00f3n) y la segunda, los modelos de negocios asociados a la econom\u00eda circular y cu\u00e1les son los menores impactos ambientales asociados.<br \/>\nEn su presentaci\u00f3n, hablar\u00e1 principalmente de los modelos de negocios y su impacto en medio ambiente y los efectos macroecon\u00f3micos de la econom\u00eda circular.<\/p>\n<p style=\"text-align: justify;\">Esperando contar con su asistencia, les saluda,<\/p>\n<p style=\"text-align: justify;\">Carlos Gauthier Thomas<\/p>","protected":false},"excerpt":{"rendered":"<p>LA CONFERENCIA SER\u00c1 EN INGL\u00c9S Estimados Directores: Por especial encargo de Javier Garc\u00eda, presidente de la Comisi\u00f3n Econom\u00eda Circular, tengo el agrado de invitar a ustedes a la conferencia v\u00eda [&hellip;]<\/p>","protected":false},"author":1,"featured_media":5879,"comment_status":"closed","ping_status":"open","sticky":false,"template":"","format":"standard","meta":{"ngg_post_thumbnail":0,"_links_to":"","_links_to_target":""},"categories":[49,46],"tags":[],"_links":{"self":[{"href":"https:\/\/sochige.cl\/en\/wp-json\/wp\/v2\/posts\/5876"}],"collection":[{"href":"https:\/\/sochige.cl\/en\/wp-json\/wp\/v2\/posts"}],"about":[{"href":"https:\/\/sochige.cl\/en\/wp-json\/wp\/v2\/types\/post"}],"author":[{"embeddable":true,"href":"https:\/\/sochige.cl\/en\/wp-json\/wp\/v2\/users\/1"}],"replies":[{"embeddable":true,"href":"https:\/\/sochige.cl\/en\/wp-json\/wp\/v2\/comments?post=5876"}],"version-history":[{"count":1,"href":"https:\/\/sochige.cl\/en\/wp-json\/wp\/v2\/posts\/5876\/revisions"}],"predecessor-version":[{"id":5880,"href":"https:\/\/sochige.cl\/en\/wp-json\/wp\/v2\/posts\/5876\/revisions\/5880"}],"wp:featuredmedia":[{"embeddable":true,"href":"https:\/\/sochige.cl\/en\/wp-json\/wp\/v2\/media\/5879"}],"wp:attachment":[{"href":"https:\/\/sochige.cl\/en\/wp-json\/wp\/v2\/media?parent=5876"}],"wp:term":[{"taxonomy":"category","embeddable":true,"href":"https:\/\/sochige.cl\/en\/wp-json\/wp\/v2\/categories?post=5876"},{"taxonomy":"post_tag","embeddable":true,"href":"https:\/\/sochige.cl\/en\/wp-json\/wp\/v2\/tags?post=5876"}],"curies":[{"name":"wp","href":"https:\/\/api.w.org\/{rel}","templated":true}]}}