{"id":8582,"date":"2021-04-12T19:47:39","date_gmt":"2021-04-12T19:47:39","guid":{"rendered":"https:\/\/sochige.cl\/?p=8582"},"modified":"2021-04-12T19:49:22","modified_gmt":"2021-04-12T19:49:22","slug":"conferencia-la-falla-san-ramon-y-el-desafio-de-las-fallas-activas-para-la-ingenieria","status":"publish","type":"post","link":"https:\/\/sochige.cl\/en\/2021\/04\/12\/conferencia-la-falla-san-ramon-y-el-desafio-de-las-fallas-activas-para-la-ingenieria\/","title":{"rendered":"Conferencia \u00abLa Falla San Ram\u00f3n y el Desaf\u00edo de las Fallas Activas para la Ingenier\u00eda.\u00bb"},"content":{"rendered":"<p>Titulo:<i><b>\u00ab<\/b><\/i><b><i>La Falla San Ram\u00f3n y el Desaf\u00edo de las Fallas Activas<\/i><\/b>\u00a0<b><i>para la Ingenier\u00eda.<\/i><\/b><i><b>\u201d<\/b><\/i><\/p>\n<p>Fecha\u00a0 jueves 29 de abril de 2021 a las 11:00 horas, v\u00eda Zoom Reuna.<\/p>\n<p>M\u00e1s informaci\u00f3n: Link inscripciones: <a href=\"https:\/\/reuna.zoom.us\/meeting\/register\/tZIpd-yrpz8pG9e5C9Fh5BRDOWmtIZR0PaAj\" target=\"_blank\" rel=\"noopener\" data-saferedirecturl=\"https:\/\/www.google.com\/url?q=https:\/\/reuna.zoom.us\/meeting\/register\/tZIpd-yrpz8pG9e5C9Fh5BRDOWmtIZR0PaAj&amp;source=gmail&amp;ust=1618341332595000&amp;usg=AFQjCNEaQ8aX1b2TMqjcVY0aKcU6BmUICw\">reuna.zoom.us<\/a><\/p>\n<p><img class=\"alignnone wp-image-8585 size-full\" src=\"https:\/\/sochige.cl\/wp-content\/uploads\/2021\/04\/image-1.png\" alt=\"\" width=\"100%\" srcset=\"https:\/\/sochige.cl\/wp-content\/uploads\/2021\/04\/image-1.png 969w, https:\/\/sochige.cl\/wp-content\/uploads\/2021\/04\/image-1-231x300.png 231w, https:\/\/sochige.cl\/wp-content\/uploads\/2021\/04\/image-1-790x1024.png 790w, https:\/\/sochige.cl\/wp-content\/uploads\/2021\/04\/image-1-768x995.png 768w\" sizes=\"(max-width: 969px) 100vw, 969px\" \/><\/p>","protected":false},"excerpt":{"rendered":"<p>Titulo:\u00abLa Falla San Ram\u00f3n y el Desaf\u00edo de las Fallas Activas\u00a0para la Ingenier\u00eda.\u201d Fecha\u00a0 jueves 29 de abril de 2021 a las 11:00 horas, v\u00eda Zoom Reuna. M\u00e1s informaci\u00f3n: Link [&hellip;]<\/p>","protected":false},"author":2,"featured_media":8586,"comment_status":"closed","ping_status":"open","sticky":false,"template":"","format":"standard","meta":{"ngg_post_thumbnail":0,"_links_to":"","_links_to_target":""},"categories":[49,46],"tags":[],"_links":{"self":[{"href":"https:\/\/sochige.cl\/en\/wp-json\/wp\/v2\/posts\/8582"}],"collection":[{"href":"https:\/\/sochige.cl\/en\/wp-json\/wp\/v2\/posts"}],"about":[{"href":"https:\/\/sochige.cl\/en\/wp-json\/wp\/v2\/types\/post"}],"author":[{"embeddable":true,"href":"https:\/\/sochige.cl\/en\/wp-json\/wp\/v2\/users\/2"}],"replies":[{"embeddable":true,"href":"https:\/\/sochige.cl\/en\/wp-json\/wp\/v2\/comments?post=8582"}],"version-history":[{"count":1,"href":"https:\/\/sochige.cl\/en\/wp-json\/wp\/v2\/posts\/8582\/revisions"}],"predecessor-version":[{"id":8587,"href":"https:\/\/sochige.cl\/en\/wp-json\/wp\/v2\/posts\/8582\/revisions\/8587"}],"wp:featuredmedia":[{"embeddable":true,"href":"https:\/\/sochige.cl\/en\/wp-json\/wp\/v2\/media\/8586"}],"wp:attachment":[{"href":"https:\/\/sochige.cl\/en\/wp-json\/wp\/v2\/media?parent=8582"}],"wp:term":[{"taxonomy":"category","embeddable":true,"href":"https:\/\/sochige.cl\/en\/wp-json\/wp\/v2\/categories?post=8582"},{"taxonomy":"post_tag","embeddable":true,"href":"https:\/\/sochige.cl\/en\/wp-json\/wp\/v2\/tags?post=8582"}],"curies":[{"name":"wp","href":"https:\/\/api.w.org\/{rel}","templated":true}]}}