{"id":8650,"date":"2021-04-21T21:20:19","date_gmt":"2021-04-21T21:20:19","guid":{"rendered":"https:\/\/sochige.cl\/?p=8650"},"modified":"2021-04-21T21:25:49","modified_gmt":"2021-04-21T21:25:49","slug":"conferencia-anual-de-la-semsig-prof-ramon-verdugo-28-abril-1500-hrs","status":"publish","type":"post","link":"https:\/\/sochige.cl\/en\/2021\/04\/21\/conferencia-anual-de-la-semsig-prof-ramon-verdugo-28-abril-1500-hrs\/","title":{"rendered":"Conferencia Anual de la SEMSIG &#8211; Prof. Ram\u00f3n Verdugo &#8211; 28 Abril 15:00 hrs"},"content":{"rendered":"<p style=\"font-weight: 400; text-align: justify;\">El pr\u00f3ximo d\u00eda 28 de abril el Prof. Ram\u00f3n Verdugo va a impartir la Conferencia Anual de la Sociedad Espa\u00f1ol de Mec\u00e1nica del Suelo e Ingenier\u00eda Geot\u00e9cnica (SEMSIG), sobre \u201c<strong>ESTABILIDAD EST\u00c1TICA Y S\u00cdSMICA DE PRESAS DE RELAVES<\/strong>\u201d.<\/p>\n<p style=\"font-weight: 400; text-align: justify;\">La conferencia estar\u00e1 encuadrada en una jornada t\u00e9cnica telem\u00e1tica que comenzar\u00e1 a las 15:00 horas (de Madrid), con el siguiente programa:<\/p>\n<p style=\"font-weight: 400; text-align: justify;\"><strong>15:00-15:30:<\/strong> Premio Carlos Oteo 2020, presentaci\u00f3n del art\u00edculo premiado.<br \/>\nENSAYOS DE CORTE EN LABORATORIO PARA DETERMINAR LA RESISTENCIA RESIDUAL DE ARCILLAS SOBRECONSOLIDADAS.<br \/>\nAutores: Natalia Montero Cubillo y Jos\u00e9 Estaire Gepp.<br \/>\nRevista GEOTECNIA N\u00ba 150 (Noviembre).<\/p>\n<p style=\"font-weight: 400; text-align: justify;\"><strong>15:30-16:00: <\/strong>Primer Premio Antonio Soriano (2019\u00b4-2020), presentaci\u00f3n de la tesis premiada: \u201cEXPERIMENTAL STUDY AND NUMERICAL MODELLING OF SOIL-ROOTS HYDRO-MECHANICAL INTERACTIONS\u201d, Dr. Alessandro Fraccica, tesis presentada en la UPC y codirigida por los Doctores Enrique Romero y Thierry Fourcaud.<\/p>\n<p style=\"font-weight: 400; text-align: justify;\"><strong>16:00-17:00:<\/strong> <strong>CONFERENCIA ANUAL de la SEMSIG<\/strong>, impartida por\u00a0<strong>D. Ram\u00f3n Verdugo<\/strong>\u00a0 con el t\u00edtulo \u201cESTABILIDAD EST\u00c1TICA Y S\u00cdSMICA DE PRESAS DE RELAVES\u201d.<\/p>\n<p style=\"font-weight: 400; text-align: justify;\">La SEMSIG tiene mucho gusto en invitar a los socios de la Sociedad Chilena de Geotecnia a participar en esta jornada t\u00e9cnica, lo cual podr\u00e1n hacer rellenando el formulario que encontrar\u00e1n en el siguiente enlace:<\/p>\n<p style=\"font-weight: 400; text-align: justify;\"><a href=\"https:\/\/semsig.org\/conferencia-anual-programa-de-la-jornada-tecnica\/\" target=\"_blank\" rel=\"noopener\" data-saferedirecturl=\"https:\/\/www.google.com\/url?q=https:\/\/semsig.org\/conferencia-anual-programa-de-la-jornada-tecnica\/&amp;source=gmail&amp;ust=1619124551537000&amp;usg=AFQjCNGzIcUJO0Es9RB4x7q1QunlMjfjhw\">https:\/\/semsig.org\/conferencia-anual-programa-de-la-jornada-tecnica\/<\/a><\/p>\n<h3><a href=\"https:\/\/sochige.cl\/wp-content\/uploads\/2021\/04\/Resumen-y-Resena-Curricular_R.Verdugo-.pdf\" target=\"_blank\" rel=\"noopener\">Ver Resumen<\/a><\/h3>","protected":false},"excerpt":{"rendered":"<p>El pr\u00f3ximo d\u00eda 28 de abril el Prof. Ram\u00f3n Verdugo va a impartir la Conferencia Anual de la Sociedad Espa\u00f1ol de Mec\u00e1nica del Suelo e Ingenier\u00eda Geot\u00e9cnica (SEMSIG), sobre \u201cESTABILIDAD [&hellip;]<\/p>","protected":false},"author":2,"featured_media":8655,"comment_status":"closed","ping_status":"open","sticky":false,"template":"","format":"standard","meta":{"ngg_post_thumbnail":0,"_links_to":"","_links_to_target":""},"categories":[46],"tags":[],"_links":{"self":[{"href":"https:\/\/sochige.cl\/en\/wp-json\/wp\/v2\/posts\/8650"}],"collection":[{"href":"https:\/\/sochige.cl\/en\/wp-json\/wp\/v2\/posts"}],"about":[{"href":"https:\/\/sochige.cl\/en\/wp-json\/wp\/v2\/types\/post"}],"author":[{"embeddable":true,"href":"https:\/\/sochige.cl\/en\/wp-json\/wp\/v2\/users\/2"}],"replies":[{"embeddable":true,"href":"https:\/\/sochige.cl\/en\/wp-json\/wp\/v2\/comments?post=8650"}],"version-history":[{"count":2,"href":"https:\/\/sochige.cl\/en\/wp-json\/wp\/v2\/posts\/8650\/revisions"}],"predecessor-version":[{"id":8661,"href":"https:\/\/sochige.cl\/en\/wp-json\/wp\/v2\/posts\/8650\/revisions\/8661"}],"wp:featuredmedia":[{"embeddable":true,"href":"https:\/\/sochige.cl\/en\/wp-json\/wp\/v2\/media\/8655"}],"wp:attachment":[{"href":"https:\/\/sochige.cl\/en\/wp-json\/wp\/v2\/media?parent=8650"}],"wp:term":[{"taxonomy":"category","embeddable":true,"href":"https:\/\/sochige.cl\/en\/wp-json\/wp\/v2\/categories?post=8650"},{"taxonomy":"post_tag","embeddable":true,"href":"https:\/\/sochige.cl\/en\/wp-json\/wp\/v2\/tags?post=8650"}],"curies":[{"name":"wp","href":"https:\/\/api.w.org\/{rel}","templated":true}]}}